{"id":37417,"date":"2024-06-17T16:50:48","date_gmt":"2024-06-17T14:50:48","guid":{"rendered":"https:\/\/blogs.elcomercio.es\/reflexiones-de-belarmino\/?p=37417"},"modified":"2024-06-17T16:50:48","modified_gmt":"2024-06-17T14:50:48","slug":"todos-contra-sanchez-con-lo-que-que-cada-quien-pueda-aznar","status":"publish","type":"post","link":"https:\/\/blogs.elcomercio.es\/reflexiones-de-belarmino\/2024\/06\/17\/todos-contra-sanchez-con-lo-que-que-cada-quien-pueda-aznar\/","title":{"rendered":"\u00a1\u00a1\u00a1\u00a1&#8221; TODOS CONTRA SANCHEZ CON LO QUE QUE CADA QUIEN PUEDA &#8220;. AZNAR !!!!"},"content":{"rendered":"<p><b>Cuando el sistema se siente en peligro, lo primero que hace es llamar a Jos\u00e9 Mara\u00eda Aznar, el operador pol\u00edtico\u00a0de los poderes facticos, para que toque las campanas a rebato, para parar a los &#8220;malos de Espa\u00f1a&#8221;. Se vale todo, entre movilizaciones, ataques a Ferraz, todos los medios, los contertulios a sueldo de ellos, pero tambi\u00e9n un d\u00eda puede irse de las manos el odio natural que carga y crear un problema may\u00fasculo\u00a0en Espa\u00f1a.<\/b><\/p>\n<!-- AddThis Advanced Settings generic via filter on the_content --><!-- AddThis Share Buttons generic via filter on the_content -->","protected":false},"excerpt":{"rendered":"<p>Cuando el sistema se siente en peligro, lo primero que hace es llamar a Jos\u00e9 Mara\u00eda Aznar, el operador pol\u00edtico\u00a0de los poderes facticos, para que toque las campanas a rebato, para parar a los &#8220;malos de Espa\u00f1a&#8221;. Se vale todo, entre movilizaciones, ataques a Ferraz, todos los medios, los contertulios a sueldo de ellos, pero [&hellip;]<!-- AddThis Advanced Settings generic via filter on get_the_excerpt --><!-- AddThis Share Buttons generic via filter on get_the_excerpt --><\/p>\n","protected":false},"author":16,"featured_media":0,"comment_status":"open","ping_status":"closed","sticky":false,"template":"","format":"standard","meta":[],"categories":[1],"tags":[],"_links":{"self":[{"href":"https:\/\/blogs.elcomercio.es\/reflexiones-de-belarmino\/wp-json\/wp\/v2\/posts\/37417"}],"collection":[{"href":"https:\/\/blogs.elcomercio.es\/reflexiones-de-belarmino\/wp-json\/wp\/v2\/posts"}],"about":[{"href":"https:\/\/blogs.elcomercio.es\/reflexiones-de-belarmino\/wp-json\/wp\/v2\/types\/post"}],"author":[{"embeddable":true,"href":"https:\/\/blogs.elcomercio.es\/reflexiones-de-belarmino\/wp-json\/wp\/v2\/users\/16"}],"replies":[{"embeddable":true,"href":"https:\/\/blogs.elcomercio.es\/reflexiones-de-belarmino\/wp-json\/wp\/v2\/comments?post=37417"}],"version-history":[{"count":1,"href":"https:\/\/blogs.elcomercio.es\/reflexiones-de-belarmino\/wp-json\/wp\/v2\/posts\/37417\/revisions"}],"predecessor-version":[{"id":37418,"href":"https:\/\/blogs.elcomercio.es\/reflexiones-de-belarmino\/wp-json\/wp\/v2\/posts\/37417\/revisions\/37418"}],"wp:attachment":[{"href":"https:\/\/blogs.elcomercio.es\/reflexiones-de-belarmino\/wp-json\/wp\/v2\/media?parent=37417"}],"wp:term":[{"taxonomy":"category","embeddable":true,"href":"https:\/\/blogs.elcomercio.es\/reflexiones-de-belarmino\/wp-json\/wp\/v2\/categories?post=37417"},{"taxonomy":"post_tag","embeddable":true,"href":"https:\/\/blogs.elcomercio.es\/reflexiones-de-belarmino\/wp-json\/wp\/v2\/tags?post=37417"}],"curies":[{"name":"wp","href":"https:\/\/api.w.org\/{rel}","templated":true}]}}