{"id":37490,"date":"2024-06-21T10:36:37","date_gmt":"2024-06-21T08:36:37","guid":{"rendered":"https:\/\/blogs.elcomercio.es\/reflexiones-de-belarmino\/?p=37490"},"modified":"2024-06-21T10:36:55","modified_gmt":"2024-06-21T08:36:55","slug":"rusia-terminara-este-ano-el-ferrocarril-de-los-1100-kms-de-la-nuevas-fronteras","status":"publish","type":"post","link":"https:\/\/blogs.elcomercio.es\/reflexiones-de-belarmino\/2024\/06\/21\/rusia-terminara-este-ano-el-ferrocarril-de-los-1100-kms-de-la-nuevas-fronteras\/","title":{"rendered":"\u00a1\u00a1\u00a1\u00a1\u00a1RUSIA TERMINAR\u00c1 ESTE A\u00d1O EL FERROCARRIL DE LOS 1,100 KMS DE LA NUEVAS FRONTERAS !!"},"content":{"rendered":"<p><b>Lo\u00a0 ha confirmado Kiev, pero nos era\u00a0 desconocido. Rusia est\u00e1 construyendo un ferrocarril\u00a0por los territorios del Donbas y Zaporiyia, los famosos 1,100 kms donde se han asentado y ser\u00e1s las nuevas fronteras rusas con Ucrania.El gobierno de Ucrania considera que antes de final de a\u00f1o estar\u00e1 funcionando este ferrocarril, lo que consolidar\u00e1 las fronteras que impuso Rusia, luego del desafi\u00f3\u00a0de 2014, de cambiarlos para estrangular a Rusia. <\/b><\/p>\n<p><b>Nosotros lo entendemos\u00a0as\u00ed. Ni los EE:UU, se hubieran quedado parados si desde el sur alguien e moviera su frontera, ni China lo har\u00eda si se lo hicieran con Taiwan..No hemos considerado una invasi\u00f3n\u00a0rusa sobre Ucrania, por las razones anteriores. Cada potencia habr\u00eda hecho lo mismo.<\/b><\/p>\n<p><strong>Mientras Occidente mueve sus fichas en Italia en la reuni\u00f3n del G7 y la de Suiza, Rusia mueve las suyas, por ello las visitas de Putin a Corea del Norte y a Vietnam.<\/strong><\/p>\n<p><b>Ya escuchamos\u00a0 el proceso hacia un mundo multipolar, pero visto desde Occidente, es el cambio hacia los gobiernos autoritarios. India, Brasil, Sud\u00e1frica \u00bfautoritarios?. Rusia tiene su modelo y China Tambi\u00e9n, lo que est\u00e1s cediendo es la democracia liberal ligada al capitalismo. Son los BRICS.<\/b><\/p>\n<!-- AddThis Advanced Settings generic via filter on the_content --><!-- AddThis Share Buttons generic via filter on the_content -->","protected":false},"excerpt":{"rendered":"<p>Lo\u00a0 ha confirmado Kiev, pero nos era\u00a0 desconocido. Rusia est\u00e1 construyendo un ferrocarril\u00a0por los territorios del Donbas y Zaporiyia, los famosos 1,100 kms donde se han asentado y ser\u00e1s las nuevas fronteras rusas con Ucrania.El gobierno de Ucrania considera que antes de final de a\u00f1o estar\u00e1 funcionando este ferrocarril, lo que consolidar\u00e1 las fronteras que [&hellip;]<!-- AddThis Advanced Settings generic via filter on get_the_excerpt --><!-- AddThis Share Buttons generic via filter on get_the_excerpt --><\/p>\n","protected":false},"author":16,"featured_media":0,"comment_status":"open","ping_status":"closed","sticky":false,"template":"","format":"standard","meta":[],"categories":[1],"tags":[],"_links":{"self":[{"href":"https:\/\/blogs.elcomercio.es\/reflexiones-de-belarmino\/wp-json\/wp\/v2\/posts\/37490"}],"collection":[{"href":"https:\/\/blogs.elcomercio.es\/reflexiones-de-belarmino\/wp-json\/wp\/v2\/posts"}],"about":[{"href":"https:\/\/blogs.elcomercio.es\/reflexiones-de-belarmino\/wp-json\/wp\/v2\/types\/post"}],"author":[{"embeddable":true,"href":"https:\/\/blogs.elcomercio.es\/reflexiones-de-belarmino\/wp-json\/wp\/v2\/users\/16"}],"replies":[{"embeddable":true,"href":"https:\/\/blogs.elcomercio.es\/reflexiones-de-belarmino\/wp-json\/wp\/v2\/comments?post=37490"}],"version-history":[{"count":2,"href":"https:\/\/blogs.elcomercio.es\/reflexiones-de-belarmino\/wp-json\/wp\/v2\/posts\/37490\/revisions"}],"predecessor-version":[{"id":37492,"href":"https:\/\/blogs.elcomercio.es\/reflexiones-de-belarmino\/wp-json\/wp\/v2\/posts\/37490\/revisions\/37492"}],"wp:attachment":[{"href":"https:\/\/blogs.elcomercio.es\/reflexiones-de-belarmino\/wp-json\/wp\/v2\/media?parent=37490"}],"wp:term":[{"taxonomy":"category","embeddable":true,"href":"https:\/\/blogs.elcomercio.es\/reflexiones-de-belarmino\/wp-json\/wp\/v2\/categories?post=37490"},{"taxonomy":"post_tag","embeddable":true,"href":"https:\/\/blogs.elcomercio.es\/reflexiones-de-belarmino\/wp-json\/wp\/v2\/tags?post=37490"}],"curies":[{"name":"wp","href":"https:\/\/api.w.org\/{rel}","templated":true}]}}