{"id":37493,"date":"2024-06-21T10:49:12","date_gmt":"2024-06-21T08:49:12","guid":{"rendered":"https:\/\/blogs.elcomercio.es\/reflexiones-de-belarmino\/?p=37493"},"modified":"2024-06-21T10:49:12","modified_gmt":"2024-06-21T08:49:12","slug":"belarminos-para-insurgentes-y-la-plantita","status":"publish","type":"post","link":"https:\/\/blogs.elcomercio.es\/reflexiones-de-belarmino\/2024\/06\/21\/belarminos-para-insurgentes-y-la-plantita\/","title":{"rendered":"\u00a1\u00a1\u00a1\u00a1BELARMINOS, PARA INSURGENTES Y LA PLANTITA!!"},"content":{"rendered":"<p><b>Para poder entender por que en M\u00e9xico, Belarmino Tom\u00e1s vend\u00eda\u00a0alpargatas Donay S:A y Rafael lavaba platos en el Bar Cant\u00e1brico, que hay que entender que en los 461 d\u00edas, ellos firmaron los billetes de uso legal en Asturias, com\u00fanmente\u00a0llamados\u00a0BELARMINOS. Esa honestidad nos las trasmitieron a los hijos de Pura, Urcesino y Agripino.<\/b><\/p>\n<p><strong>( A los lectores, una disculpa por hacer uso de este espacio para muchos repetidos, pe<a href=\"https:\/\/static-blogs.elcomercio.es\/wp-content\/uploads\/sites\/15\/2023\/02\/3.jpg\"><img loading=\"lazy\" class=\"alignnone size-full wp-image-28498\" src=\"https:\/\/static-blogs.elcomercio.es\/wp-content\/uploads\/sites\/15\/2023\/02\/3.jpg\" alt=\"\" width=\"690\" height=\"358\" srcset=\"https:\/\/static-blogs.elcomercio.es\/wp-content\/uploads\/sites\/15\/2023\/02\/3.jpg 690w, https:\/\/static-blogs.elcomercio.es\/wp-content\/uploads\/sites\/15\/2023\/02\/3-300x156.jpg 300w\" sizes=\"(max-width: 690px) 100vw, 690px\" \/><\/a><a href=\"https:\/\/static-blogs.elcomercio.es\/wp-content\/uploads\/sites\/15\/2016\/09\/224.jpeg\"><img loading=\"lazy\" class=\"alignnone size-large wp-image-1340\" src=\"https:\/\/static-blogs.elcomercio.es\/wp-content\/uploads\/sites\/15\/2016\/09\/224-1024x638.jpeg\" alt=\"\" width=\"1024\" height=\"638\" srcset=\"https:\/\/static-blogs.elcomercio.es\/wp-content\/uploads\/sites\/15\/2016\/09\/224-1024x638.jpeg 1024w, https:\/\/static-blogs.elcomercio.es\/wp-content\/uploads\/sites\/15\/2016\/09\/224-300x187.jpeg 300w, https:\/\/static-blogs.elcomercio.es\/wp-content\/uploads\/sites\/15\/2016\/09\/224-768x478.jpeg 768w, https:\/\/static-blogs.elcomercio.es\/wp-content\/uploads\/sites\/15\/2016\/09\/224.jpeg 1760w\" sizes=\"(max-width: 1024px) 100vw, 1024px\" \/><\/a>ro para reconstruir una amistad de 50 a\u00f1os, esta es mi manera)<\/strong><\/p>\n<!-- AddThis Advanced Settings generic via filter on the_content --><!-- AddThis Share Buttons generic via filter on the_content -->","protected":false},"excerpt":{"rendered":"<p>Para poder entender por que en M\u00e9xico, Belarmino Tom\u00e1s vend\u00eda\u00a0alpargatas Donay S:A y Rafael lavaba platos en el Bar Cant\u00e1brico, que hay que entender que en los 461 d\u00edas, ellos firmaron los billetes de uso legal en Asturias, com\u00fanmente\u00a0llamados\u00a0BELARMINOS. Esa honestidad nos las trasmitieron a los hijos de Pura, Urcesino y Agripino. ( A los [&hellip;]<!-- AddThis Advanced Settings generic via filter on get_the_excerpt --><!-- AddThis Share Buttons generic via filter on get_the_excerpt --><\/p>\n","protected":false},"author":16,"featured_media":0,"comment_status":"open","ping_status":"closed","sticky":false,"template":"","format":"standard","meta":[],"categories":[1],"tags":[],"_links":{"self":[{"href":"https:\/\/blogs.elcomercio.es\/reflexiones-de-belarmino\/wp-json\/wp\/v2\/posts\/37493"}],"collection":[{"href":"https:\/\/blogs.elcomercio.es\/reflexiones-de-belarmino\/wp-json\/wp\/v2\/posts"}],"about":[{"href":"https:\/\/blogs.elcomercio.es\/reflexiones-de-belarmino\/wp-json\/wp\/v2\/types\/post"}],"author":[{"embeddable":true,"href":"https:\/\/blogs.elcomercio.es\/reflexiones-de-belarmino\/wp-json\/wp\/v2\/users\/16"}],"replies":[{"embeddable":true,"href":"https:\/\/blogs.elcomercio.es\/reflexiones-de-belarmino\/wp-json\/wp\/v2\/comments?post=37493"}],"version-history":[{"count":1,"href":"https:\/\/blogs.elcomercio.es\/reflexiones-de-belarmino\/wp-json\/wp\/v2\/posts\/37493\/revisions"}],"predecessor-version":[{"id":37494,"href":"https:\/\/blogs.elcomercio.es\/reflexiones-de-belarmino\/wp-json\/wp\/v2\/posts\/37493\/revisions\/37494"}],"wp:attachment":[{"href":"https:\/\/blogs.elcomercio.es\/reflexiones-de-belarmino\/wp-json\/wp\/v2\/media?parent=37493"}],"wp:term":[{"taxonomy":"category","embeddable":true,"href":"https:\/\/blogs.elcomercio.es\/reflexiones-de-belarmino\/wp-json\/wp\/v2\/categories?post=37493"},{"taxonomy":"post_tag","embeddable":true,"href":"https:\/\/blogs.elcomercio.es\/reflexiones-de-belarmino\/wp-json\/wp\/v2\/tags?post=37493"}],"curies":[{"name":"wp","href":"https:\/\/api.w.org\/{rel}","templated":true}]}}