{"id":37495,"date":"2024-06-21T12:13:34","date_gmt":"2024-06-21T10:13:34","guid":{"rendered":"https:\/\/blogs.elcomercio.es\/reflexiones-de-belarmino\/?p=37495"},"modified":"2024-06-21T12:13:34","modified_gmt":"2024-06-21T10:13:34","slug":"el-concilio-vaticano-ii-cancer-ideologico-teologico-moral-y-liturgico-mario-vigano-el-lider-de-los-que-odian-a-francisco-como-vox","status":"publish","type":"post","link":"https:\/\/blogs.elcomercio.es\/reflexiones-de-belarmino\/2024\/06\/21\/el-concilio-vaticano-ii-cancer-ideologico-teologico-moral-y-liturgico-mario-vigano-el-lider-de-los-que-odian-a-francisco-como-vox\/","title":{"rendered":"\u00a1\u00a1\u00a1\u00a1&#8221; EL CONCILIO VATICANO II, CANCER IDEOL\u00d3GICO, TEOL\u00d3GICO, MORAL Y LIT\u00daRGICO&#8221;: MARIO VIGANO, EL L\u00cdDER DE LOS QUE ODIAN A FRANCISCO, COMO VOX!!!"},"content":{"rendered":"<p><b>El Vaticano acaba de emprender un jucio religioso en contra del ex Nuncio con Juan Pablo II, Marie Vigan\u00ed. El odio ancestral de la extrema derecha, observado por los Evang\u00e9licos de EE:UU. Brasil, Europa, tiene su base en lo ha dicho abiertamente este ex\u00a0 nuncio de Juan Pablo II, sintetizado de la mejor manera posible:EL CONCILIO VATICANO II ES UN C\u00c1NCER\u00a0IDEOL\u00d3GICO, TEOL\u00d3GICO, MORAL Y\u00a0<\/b><b>LIT\u00daRGICO.<\/b><\/p>\n<p><b>Cuando muri\u00f3 Juan XXIII,\u00a0 irrit\u00f3 tanto, que Occidente ten\u00eda\u00a0en la mira acabar con la Uni\u00f3n Sovi\u00e9tica y el Papa preparado por Occidente, empezando por Estados Unidos era un polaco, amigo de Walesa que ten\u00eda esa misi\u00f3n. Pero algo sali\u00f3 mal en aquel Concilio que se equivocaron y eligieron a Juan Pablo I. Pero en unos meses ya lo hab\u00edan liquidado en su cama, y entr\u00f3 Juan Pablo II, el hombre preparado para acabar con el Concilio Vaticano II, no\u00a0 s\u00f3lo lo intent\u00f3 sino que se&#8221; carg\u00f3 a la URSS.&#8221;<\/b><\/p>\n<p><strong>Ese Legionario\u00a0 de Cristo pude estar cerca de \u00e9l 6 veces, entre Espa\u00f1a, una vez y los 5 m\u00e1s en M\u00e9xico, donde finalmente me toc\u00f3 organizarle la mayor misa, las de los 86 pasos, en la Magdalena Mixhuca, en Iztacalco donde era el operador de Cuahtemoc C\u00e1rdenas, como Subdelegado Jur\u00eddico y de Gobierno, y donde el nieto de Belarmino organiz\u00f3 la mayor misa de la Iglesia Cat\u00f3lica en un s\u00f3lo lugar con 3,500,00o de fieles.<\/strong><\/p>\n<p><b>En su pontificado y dado que fue\u00a0a M\u00e9xico tantas veces (9) como a su natal Polonia. Se trataba de sacar de M\u00e9xico a un poderoso Arzobispo, el de Tijuana, Emilio Carlos Berlie Belaunzara\u00e1n, que constru\u00eda con la ayuda del Cartel de los Arellano Felix, 60 iglesias al mismo tiempo, para enfrentar a un tal Bergoglio que no sab\u00edamos\u00a0nosotros\u00a0quien era, sino que hab\u00eda que sacar de M\u00e9xico, al nuevo Papa, continuador de la lucha contra el Concilio Vaticano II<\/b><\/p>\n<p><strong>Por razones que ya expliqu\u00e9 la jugada sali\u00f3 mal, y lleg\u00f3 el tal Bergoglio, el primer jesuita Papa, al que tem\u00edan y ahora este ex nuncio define tambi\u00e9n su odio, que era el de la extrema derecha. Tal poder tienen, a trav\u00e9s de los Evangelistas, que Biden, el segundo presisdente cat\u00f3lico de EE:UU tuvo que ir a Roma para realizar alg\u00fan acto clave para un cat\u00f3lico.<\/strong><\/p>\n<p><b>En la lucha de Occidente contra el Socialismo Chino, la Iglesia Cat\u00f3lica juega un papel muy importante.Por ello sabedor de la historia, Francisco nunca ha dormido en el Vaticano, usa el elevador no del Papa, sino el colectivo y mientras ya tiene la mayor\u00eda amplia de los Cardenales que elegir\u00e1n a ssu sucesor, ya reform\u00f3 las finanzas de El Vaticano y sobre\u00a0todo la PODEROSA CURIA, donde reside el verdadero\u00a0poder de la Iglesia, ahora abierto a laicos y a mujeres.<\/b><\/p>\n<p><b>Es tan feroz el ataque contra \u00e9l, que pierden fuerza al Arzobispo de Manila, gente cercana y la gana para la sucesi\u00f3n, el Cardenal\u00a0Presidente de la Conferencia Episcopal Italiana, el hombre europeo, italiano de 76 a\u00f1os que Bergoglio eligi\u00f3\u00a0como su mediador entre Rusia y Ucrania<\/b><\/p>\n<p>&nbsp;<\/p>\n<p>&nbsp;<\/p>\n<p>&nbsp;<\/p>\n<p>&nbsp;<\/p>\n<!-- AddThis Advanced Settings generic via filter on the_content --><!-- AddThis Share Buttons generic via filter on the_content -->","protected":false},"excerpt":{"rendered":"<p>El Vaticano acaba de emprender un jucio religioso en contra del ex Nuncio con Juan Pablo II, Marie Vigan\u00ed. El odio ancestral de la extrema derecha, observado por los Evang\u00e9licos de EE:UU. Brasil, Europa, tiene su base en lo ha dicho abiertamente este ex\u00a0 nuncio de Juan Pablo II, sintetizado de la mejor manera posible:EL [&hellip;]<!-- AddThis Advanced Settings generic via filter on get_the_excerpt --><!-- AddThis Share Buttons generic via filter on get_the_excerpt --><\/p>\n","protected":false},"author":16,"featured_media":0,"comment_status":"open","ping_status":"closed","sticky":false,"template":"","format":"standard","meta":[],"categories":[1],"tags":[],"_links":{"self":[{"href":"https:\/\/blogs.elcomercio.es\/reflexiones-de-belarmino\/wp-json\/wp\/v2\/posts\/37495"}],"collection":[{"href":"https:\/\/blogs.elcomercio.es\/reflexiones-de-belarmino\/wp-json\/wp\/v2\/posts"}],"about":[{"href":"https:\/\/blogs.elcomercio.es\/reflexiones-de-belarmino\/wp-json\/wp\/v2\/types\/post"}],"author":[{"embeddable":true,"href":"https:\/\/blogs.elcomercio.es\/reflexiones-de-belarmino\/wp-json\/wp\/v2\/users\/16"}],"replies":[{"embeddable":true,"href":"https:\/\/blogs.elcomercio.es\/reflexiones-de-belarmino\/wp-json\/wp\/v2\/comments?post=37495"}],"version-history":[{"count":2,"href":"https:\/\/blogs.elcomercio.es\/reflexiones-de-belarmino\/wp-json\/wp\/v2\/posts\/37495\/revisions"}],"predecessor-version":[{"id":37497,"href":"https:\/\/blogs.elcomercio.es\/reflexiones-de-belarmino\/wp-json\/wp\/v2\/posts\/37495\/revisions\/37497"}],"wp:attachment":[{"href":"https:\/\/blogs.elcomercio.es\/reflexiones-de-belarmino\/wp-json\/wp\/v2\/media?parent=37495"}],"wp:term":[{"taxonomy":"category","embeddable":true,"href":"https:\/\/blogs.elcomercio.es\/reflexiones-de-belarmino\/wp-json\/wp\/v2\/categories?post=37495"},{"taxonomy":"post_tag","embeddable":true,"href":"https:\/\/blogs.elcomercio.es\/reflexiones-de-belarmino\/wp-json\/wp\/v2\/tags?post=37495"}],"curies":[{"name":"wp","href":"https:\/\/api.w.org\/{rel}","templated":true}]}}