{"id":37500,"date":"2024-06-21T18:06:06","date_gmt":"2024-06-21T16:06:06","guid":{"rendered":"https:\/\/blogs.elcomercio.es\/reflexiones-de-belarmino\/?p=37500"},"modified":"2024-06-21T18:06:06","modified_gmt":"2024-06-21T16:06:06","slug":"elegidos-por-mayoria-de-argentinos-y-madrilenos-dos-estrellas-sin-futuro-se-reunen-hoy-en-madrid","status":"publish","type":"post","link":"https:\/\/blogs.elcomercio.es\/reflexiones-de-belarmino\/2024\/06\/21\/elegidos-por-mayoria-de-argentinos-y-madrilenos-dos-estrellas-sin-futuro-se-reunen-hoy-en-madrid\/","title":{"rendered":"\u00a1\u00a1\u00a1\u00a1ELEGIDOS POR MAYOR\u00cdA DE ARGENTINOS Y MADRILE\u00d1OS, DOS ESTRELLAS SIN FUTURO SE RE\u00daNEN HOY EN MADRID !!!"},"content":{"rendered":"<p><strong>Desorbitados, el gobierno de Espa\u00f1a, y la extrema derecha espa\u00f1ola, dan realce a algo que terminar\u00e1 en este viaje: La visita del presidente Milei(elegido por el 58 % de los argentinos) y Isabel D\u00edaz Ayuso, por los madrile\u00f1os, reflejo de los millones que los eligieron.<\/strong><\/p>\n<p><strong>Ninguna trascendencia m\u00e1s que el circo que buscan los 2.<\/strong><\/p>\n<p><strong>El presidente Millei, sigue sin ser recibido oficialmente por nadie en ning\u00fan pa\u00eds del mundo, tras el rechazo hoy de Alemania que habia anunciado a bombo y platillo en buenos Aires, \u00e9l, el &#8220;reconquistador de Europa&#8221;.<\/strong><\/p>\n<p><b>Buen viaje se\u00f1or Milei. All\u00e1 est\u00e1 esper\u00e1ndole\u00a0Argentina.<\/b><\/p>\n<p><strong>Se\u00f1or Puente hable menos y no de pretexto.<\/strong><\/p>\n<!-- AddThis Advanced Settings generic via filter on the_content --><!-- AddThis Share Buttons generic via filter on the_content -->","protected":false},"excerpt":{"rendered":"<p>Desorbitados, el gobierno de Espa\u00f1a, y la extrema derecha espa\u00f1ola, dan realce a algo que terminar\u00e1 en este viaje: La visita del presidente Milei(elegido por el 58 % de los argentinos) y Isabel D\u00edaz Ayuso, por los madrile\u00f1os, reflejo de los millones que los eligieron. Ninguna trascendencia m\u00e1s que el circo que buscan los 2. [&hellip;]<!-- AddThis Advanced Settings generic via filter on get_the_excerpt --><!-- AddThis Share Buttons generic via filter on get_the_excerpt --><\/p>\n","protected":false},"author":16,"featured_media":0,"comment_status":"open","ping_status":"closed","sticky":false,"template":"","format":"standard","meta":[],"categories":[1],"tags":[],"_links":{"self":[{"href":"https:\/\/blogs.elcomercio.es\/reflexiones-de-belarmino\/wp-json\/wp\/v2\/posts\/37500"}],"collection":[{"href":"https:\/\/blogs.elcomercio.es\/reflexiones-de-belarmino\/wp-json\/wp\/v2\/posts"}],"about":[{"href":"https:\/\/blogs.elcomercio.es\/reflexiones-de-belarmino\/wp-json\/wp\/v2\/types\/post"}],"author":[{"embeddable":true,"href":"https:\/\/blogs.elcomercio.es\/reflexiones-de-belarmino\/wp-json\/wp\/v2\/users\/16"}],"replies":[{"embeddable":true,"href":"https:\/\/blogs.elcomercio.es\/reflexiones-de-belarmino\/wp-json\/wp\/v2\/comments?post=37500"}],"version-history":[{"count":1,"href":"https:\/\/blogs.elcomercio.es\/reflexiones-de-belarmino\/wp-json\/wp\/v2\/posts\/37500\/revisions"}],"predecessor-version":[{"id":37501,"href":"https:\/\/blogs.elcomercio.es\/reflexiones-de-belarmino\/wp-json\/wp\/v2\/posts\/37500\/revisions\/37501"}],"wp:attachment":[{"href":"https:\/\/blogs.elcomercio.es\/reflexiones-de-belarmino\/wp-json\/wp\/v2\/media?parent=37500"}],"wp:term":[{"taxonomy":"category","embeddable":true,"href":"https:\/\/blogs.elcomercio.es\/reflexiones-de-belarmino\/wp-json\/wp\/v2\/categories?post=37500"},{"taxonomy":"post_tag","embeddable":true,"href":"https:\/\/blogs.elcomercio.es\/reflexiones-de-belarmino\/wp-json\/wp\/v2\/tags?post=37500"}],"curies":[{"name":"wp","href":"https:\/\/api.w.org\/{rel}","templated":true}]}}