{"id":37502,"date":"2024-06-21T18:27:46","date_gmt":"2024-06-21T16:27:46","guid":{"rendered":"https:\/\/blogs.elcomercio.es\/reflexiones-de-belarmino\/?p=37502"},"modified":"2024-06-21T18:27:46","modified_gmt":"2024-06-21T16:27:46","slug":"pedro-rocha-el-prietito-en-el-arroz-de-la-espana-de-la-eurocopa-inhabilitado-6-anos","status":"publish","type":"post","link":"https:\/\/blogs.elcomercio.es\/reflexiones-de-belarmino\/2024\/06\/21\/pedro-rocha-el-prietito-en-el-arroz-de-la-espana-de-la-eurocopa-inhabilitado-6-anos\/","title":{"rendered":"\u00a1\u00a1\u00a1\u00a1\u00a1PEDRO ROCHA, EL &#8220;PRIETITO EN EL ARROZ&#8221; DE LA ESPA\u00d1A DE LA EUROCOPA INHABILITADO  6 A\u00d1OS &#8220;&#8221;"},"content":{"rendered":"<p><b>En la imagen de la gran selecci\u00f3n espa\u00f1ola que tan buen sabor de boca ha dejado en el mundo, alguien desentonaba. Y no era Williams de la piel original del ser humano, el mejor jugador de ayer, sino un cauc\u00e1sico, de pleno blanco, que era el &#8220;negrito en el arroz&#8221;. Verg\u00fcenza\u00a0para todos, nervioso ayer, manchando con su trayectoria la imagen de Felipe VI, Don Pedro Rocha, hasta ayer lleg\u00f3. El TAD lo inhabilito hoy por 6 a\u00f1os.<\/b><\/p>\n<p><b>Felipe VI, en su lugar, tuvo que aguantar a aquel impresentable las dos horas del partido, y hoy habr\u00e1 protestado ante Pedro S\u00e1nchez: &#8221; Pedro, maestro, no me hagas pasar esas verg\u00fcenzas.Dos horas con el representante\u00a0de la Espa\u00f1a que queremos dejar atr\u00e1s &#8220;. Y Pedro m\u00e1s preocupado por Milei que por ese detalle, tuvo que actuar hoy. La in habilitaci\u00f3n\u00a0lo obliga a dejar la RFEF.<\/b><\/p>\n<p><strong>Se\u00f1or Rocha, lo nuevo es Williams, usted sobra..<\/strong><\/p>\n<!-- AddThis Advanced Settings generic via filter on the_content --><!-- AddThis Share Buttons generic via filter on the_content -->","protected":false},"excerpt":{"rendered":"<p>En la imagen de la gran selecci\u00f3n espa\u00f1ola que tan buen sabor de boca ha dejado en el mundo, alguien desentonaba. Y no era Williams de la piel original del ser humano, el mejor jugador de ayer, sino un cauc\u00e1sico, de pleno blanco, que era el &#8220;negrito en el arroz&#8221;. Verg\u00fcenza\u00a0para todos, nervioso ayer, manchando [&hellip;]<!-- AddThis Advanced Settings generic via filter on get_the_excerpt --><!-- AddThis Share Buttons generic via filter on get_the_excerpt --><\/p>\n","protected":false},"author":16,"featured_media":0,"comment_status":"open","ping_status":"closed","sticky":false,"template":"","format":"standard","meta":[],"categories":[1],"tags":[],"_links":{"self":[{"href":"https:\/\/blogs.elcomercio.es\/reflexiones-de-belarmino\/wp-json\/wp\/v2\/posts\/37502"}],"collection":[{"href":"https:\/\/blogs.elcomercio.es\/reflexiones-de-belarmino\/wp-json\/wp\/v2\/posts"}],"about":[{"href":"https:\/\/blogs.elcomercio.es\/reflexiones-de-belarmino\/wp-json\/wp\/v2\/types\/post"}],"author":[{"embeddable":true,"href":"https:\/\/blogs.elcomercio.es\/reflexiones-de-belarmino\/wp-json\/wp\/v2\/users\/16"}],"replies":[{"embeddable":true,"href":"https:\/\/blogs.elcomercio.es\/reflexiones-de-belarmino\/wp-json\/wp\/v2\/comments?post=37502"}],"version-history":[{"count":3,"href":"https:\/\/blogs.elcomercio.es\/reflexiones-de-belarmino\/wp-json\/wp\/v2\/posts\/37502\/revisions"}],"predecessor-version":[{"id":37505,"href":"https:\/\/blogs.elcomercio.es\/reflexiones-de-belarmino\/wp-json\/wp\/v2\/posts\/37502\/revisions\/37505"}],"wp:attachment":[{"href":"https:\/\/blogs.elcomercio.es\/reflexiones-de-belarmino\/wp-json\/wp\/v2\/media?parent=37502"}],"wp:term":[{"taxonomy":"category","embeddable":true,"href":"https:\/\/blogs.elcomercio.es\/reflexiones-de-belarmino\/wp-json\/wp\/v2\/categories?post=37502"},{"taxonomy":"post_tag","embeddable":true,"href":"https:\/\/blogs.elcomercio.es\/reflexiones-de-belarmino\/wp-json\/wp\/v2\/tags?post=37502"}],"curies":[{"name":"wp","href":"https:\/\/api.w.org\/{rel}","templated":true}]}}