{"id":37556,"date":"2024-06-25T10:20:12","date_gmt":"2024-06-25T08:20:12","guid":{"rendered":"https:\/\/blogs.elcomercio.es\/reflexiones-de-belarmino\/?p=37556"},"modified":"2024-06-25T10:20:12","modified_gmt":"2024-06-25T08:20:12","slug":"julian-assange-tras-14-anos-de-martirio-volara-esta-semana-a-su-natal-australia-libre","status":"publish","type":"post","link":"https:\/\/blogs.elcomercio.es\/reflexiones-de-belarmino\/2024\/06\/25\/julian-assange-tras-14-anos-de-martirio-volara-esta-semana-a-su-natal-australia-libre\/","title":{"rendered":"\u00a1\u00a1\u00a1\u00a1\u00a1\u00a1JULIAN ASSANGE, TRAS 14 A\u00d1OS DE MARTIRIO, VOLAR\u00c1 ESTA SEMANA A SU NATAL AUSTRALIA, LIBRE !!!"},"content":{"rendered":"<p><b>Julian Assange, australiano,\u00a0 hace 14 a\u00f1os dio a conocer 250,000 documentos clasificados\u00a0que mostraba\u00a0la realidad de lo hecho\u00a0 en las guerras en Afganist\u00e1n y Siria, a un consorcio de los 10 principales\u00a0diarios\u00a0del mundo(en Espa\u00f1a El Pa\u00eds) lo divulg\u00f3.\u00a0<\/b><\/p>\n<p><b>Estados\u00a0Unidos enfureci\u00f3, mientras el hombre que mas habia hecho por la libertad de\u00a0prensa, era perseguido.Embajada de Ecuador, y m\u00e1s tarde, el pe\u00f3n\u00a0del imperio , el Reino Unido, lo tuvo preso 4 a\u00f1os en una c\u00e1rcel de alta seguridad, de 2 por 2 metros y 23 horas al d\u00eda con luz, mientras en todo el mundo no se quer\u00eda\u00a0que\u00a0llegase a EE:UU, donde podr\u00eda ser condenado a muerte..<\/b><\/p>\n<p><strong>Hoy, amanecimos, con la noticia de un acuerdo entre EE:UU y el, para declararse culpable de un delito, ya cumplidos los 5 a\u00f1os), e irse a su natural\u00a0 Australia.<\/strong><\/p>\n<p><b>Ya sali\u00f3 de Londres, rumbo a una isla norteamericana cercana a Australia, cumplir ciertos requisitos\u00a0y, por fin, volar a su ansiada tierra, VIVO, Australia..<\/b><\/p>\n<p><strong>Hoy se hace justicia.<\/strong><\/p>\n<p><strong> Su nombre JULIAN ASSANGE.<\/strong><\/p>\n<!-- AddThis Advanced Settings generic via filter on the_content --><!-- AddThis Share Buttons generic via filter on the_content -->","protected":false},"excerpt":{"rendered":"<p>Julian Assange, australiano,\u00a0 hace 14 a\u00f1os dio a conocer 250,000 documentos clasificados\u00a0que mostraba\u00a0la realidad de lo hecho\u00a0 en las guerras en Afganist\u00e1n y Siria, a un consorcio de los 10 principales\u00a0diarios\u00a0del mundo(en Espa\u00f1a El Pa\u00eds) lo divulg\u00f3.\u00a0 Estados\u00a0Unidos enfureci\u00f3, mientras el hombre que mas habia hecho por la libertad de\u00a0prensa, era perseguido.Embajada de Ecuador, y [&hellip;]<!-- AddThis Advanced Settings generic via filter on get_the_excerpt --><!-- AddThis Share Buttons generic via filter on get_the_excerpt --><\/p>\n","protected":false},"author":16,"featured_media":0,"comment_status":"open","ping_status":"closed","sticky":false,"template":"","format":"standard","meta":[],"categories":[1],"tags":[],"_links":{"self":[{"href":"https:\/\/blogs.elcomercio.es\/reflexiones-de-belarmino\/wp-json\/wp\/v2\/posts\/37556"}],"collection":[{"href":"https:\/\/blogs.elcomercio.es\/reflexiones-de-belarmino\/wp-json\/wp\/v2\/posts"}],"about":[{"href":"https:\/\/blogs.elcomercio.es\/reflexiones-de-belarmino\/wp-json\/wp\/v2\/types\/post"}],"author":[{"embeddable":true,"href":"https:\/\/blogs.elcomercio.es\/reflexiones-de-belarmino\/wp-json\/wp\/v2\/users\/16"}],"replies":[{"embeddable":true,"href":"https:\/\/blogs.elcomercio.es\/reflexiones-de-belarmino\/wp-json\/wp\/v2\/comments?post=37556"}],"version-history":[{"count":3,"href":"https:\/\/blogs.elcomercio.es\/reflexiones-de-belarmino\/wp-json\/wp\/v2\/posts\/37556\/revisions"}],"predecessor-version":[{"id":37559,"href":"https:\/\/blogs.elcomercio.es\/reflexiones-de-belarmino\/wp-json\/wp\/v2\/posts\/37556\/revisions\/37559"}],"wp:attachment":[{"href":"https:\/\/blogs.elcomercio.es\/reflexiones-de-belarmino\/wp-json\/wp\/v2\/media?parent=37556"}],"wp:term":[{"taxonomy":"category","embeddable":true,"href":"https:\/\/blogs.elcomercio.es\/reflexiones-de-belarmino\/wp-json\/wp\/v2\/categories?post=37556"},{"taxonomy":"post_tag","embeddable":true,"href":"https:\/\/blogs.elcomercio.es\/reflexiones-de-belarmino\/wp-json\/wp\/v2\/tags?post=37556"}],"curies":[{"name":"wp","href":"https:\/\/api.w.org\/{rel}","templated":true}]}}