{"id":37613,"date":"2024-06-28T09:24:32","date_gmt":"2024-06-28T07:24:32","guid":{"rendered":"https:\/\/blogs.elcomercio.es\/reflexiones-de-belarmino\/?p=37613"},"modified":"2024-06-28T09:24:32","modified_gmt":"2024-06-28T07:24:32","slug":"arrasa-trump-seis-semanas-para-el-congreso-michell-obama-unica-opcion","status":"publish","type":"post","link":"https:\/\/blogs.elcomercio.es\/reflexiones-de-belarmino\/2024\/06\/28\/arrasa-trump-seis-semanas-para-el-congreso-michell-obama-unica-opcion\/","title":{"rendered":"\u00a1\u00a1\u00a1\u00a1\u00a1ARRASA TRUMP.- SEIS SEMANAS PARA EL CONGRESO .- MICHELL OBAMA \u00daNICA OPCI\u00d3N !!!"},"content":{"rendered":"<p><b>Ni los partidarios de Donald Trump\u00a0 en sus mejores sue\u00f1os, se imaginaban\u00a0aquella escena. Un pre candidato\u00a0a la presidencia, sin apenas despeinarse\u00a0arras\u00f3 con el presidente Joe Biden en su peor imagen.El p\u00e1nico ha cundido entre los dem\u00f3cratas donde ya, con angustia, preparan\u00a0a quien elegir en el Convenci\u00f3n\u00a0Dem\u00f3crata dentro de 6 semanas sabedores que el 70 \/30 de ayer en su contra pueda salvarlos. Tanto meneospreciaron a Kamala Harris, natural candidata que ahora, en nuestra opini\u00f3n, s\u00f3lo hay una figura que hace\u00a0meses sugerimos, pero que nadie la tomaba ene cuenta: MICHELL OBAMA.<\/b><\/p>\n<p><strong>Hoy el mundo est\u00e1 conmocionado, por que lo que pase en Estados Unidos nos afecta a todo el mundo.<\/strong><\/p>\n<p><strong>Por fortuna ninguno de los dos son candidatos, por que no se han celebrado, las Convenciones, en 4 semanas las republicanos y en 6 los dem\u00f3cratas, y puede haber cambios.<\/strong><\/p>\n<p><strong>El pueblo norteamericano tiene claro que esa figura de hombre, indeciso sin poder terminar frases, la imagen de una vejez acentuada, nunca podr\u00e1 derrotar a Trump, y menos gobernar la primera potencia mundial.<\/strong><\/p>\n<p>&nbsp;<\/p>\n<p>&nbsp;<\/p>\n<!-- AddThis Advanced Settings generic via filter on the_content --><!-- AddThis Share Buttons generic via filter on the_content -->","protected":false},"excerpt":{"rendered":"<p>Ni los partidarios de Donald Trump\u00a0 en sus mejores sue\u00f1os, se imaginaban\u00a0aquella escena. Un pre candidato\u00a0a la presidencia, sin apenas despeinarse\u00a0arras\u00f3 con el presidente Joe Biden en su peor imagen.El p\u00e1nico ha cundido entre los dem\u00f3cratas donde ya, con angustia, preparan\u00a0a quien elegir en el Convenci\u00f3n\u00a0Dem\u00f3crata dentro de 6 semanas sabedores que el 70 \/30 [&hellip;]<!-- AddThis Advanced Settings generic via filter on get_the_excerpt --><!-- AddThis Share Buttons generic via filter on get_the_excerpt --><\/p>\n","protected":false},"author":16,"featured_media":0,"comment_status":"open","ping_status":"closed","sticky":false,"template":"","format":"standard","meta":[],"categories":[1],"tags":[],"_links":{"self":[{"href":"https:\/\/blogs.elcomercio.es\/reflexiones-de-belarmino\/wp-json\/wp\/v2\/posts\/37613"}],"collection":[{"href":"https:\/\/blogs.elcomercio.es\/reflexiones-de-belarmino\/wp-json\/wp\/v2\/posts"}],"about":[{"href":"https:\/\/blogs.elcomercio.es\/reflexiones-de-belarmino\/wp-json\/wp\/v2\/types\/post"}],"author":[{"embeddable":true,"href":"https:\/\/blogs.elcomercio.es\/reflexiones-de-belarmino\/wp-json\/wp\/v2\/users\/16"}],"replies":[{"embeddable":true,"href":"https:\/\/blogs.elcomercio.es\/reflexiones-de-belarmino\/wp-json\/wp\/v2\/comments?post=37613"}],"version-history":[{"count":1,"href":"https:\/\/blogs.elcomercio.es\/reflexiones-de-belarmino\/wp-json\/wp\/v2\/posts\/37613\/revisions"}],"predecessor-version":[{"id":37614,"href":"https:\/\/blogs.elcomercio.es\/reflexiones-de-belarmino\/wp-json\/wp\/v2\/posts\/37613\/revisions\/37614"}],"wp:attachment":[{"href":"https:\/\/blogs.elcomercio.es\/reflexiones-de-belarmino\/wp-json\/wp\/v2\/media?parent=37613"}],"wp:term":[{"taxonomy":"category","embeddable":true,"href":"https:\/\/blogs.elcomercio.es\/reflexiones-de-belarmino\/wp-json\/wp\/v2\/categories?post=37613"},{"taxonomy":"post_tag","embeddable":true,"href":"https:\/\/blogs.elcomercio.es\/reflexiones-de-belarmino\/wp-json\/wp\/v2\/tags?post=37613"}],"curies":[{"name":"wp","href":"https:\/\/api.w.org\/{rel}","templated":true}]}}