{"id":37690,"date":"2024-07-02T11:21:51","date_gmt":"2024-07-02T09:21:51","guid":{"rendered":"https:\/\/blogs.elcomercio.es\/reflexiones-de-belarmino\/?p=37690"},"modified":"2024-07-02T11:21:51","modified_gmt":"2024-07-02T09:21:51","slug":"fracasa-el-frente-republicano-por-recelos-ante-melenchon-bardella-sera-presidente-del-gobierno","status":"publish","type":"post","link":"https:\/\/blogs.elcomercio.es\/reflexiones-de-belarmino\/2024\/07\/02\/fracasa-el-frente-republicano-por-recelos-ante-melenchon-bardella-sera-presidente-del-gobierno\/","title":{"rendered":"\u00a1\u00a1\u00a1\u00a1FRACASA EL FRENTE REPUBLICANO POR RECELOS ANTE M\u00c9LENCHON. BARDELLA SER\u00c1 PRESIDENTE DEL GOBIERNO !!"},"content":{"rendered":"<p><b>Como siempre la izquierda se divide por ideolog\u00eda y la derecha se une por intereses. El miedo a Melenchon hace fracasar el Frente\u00a0 Republicano y acerca a Bardella a presidir el primer gobierno franc\u00e9s de la ultraderecha. Hay un seismo en la Uni\u00f3n Europea, tras las europeas, y sobre todo Francia, tras Italia\u00a0y la posibilidad de Alemania.<\/b><\/p>\n<!-- AddThis Advanced Settings generic via filter on the_content --><!-- AddThis Share Buttons generic via filter on the_content -->","protected":false},"excerpt":{"rendered":"<p>Como siempre la izquierda se divide por ideolog\u00eda y la derecha se une por intereses. El miedo a Melenchon hace fracasar el Frente\u00a0 Republicano y acerca a Bardella a presidir el primer gobierno franc\u00e9s de la ultraderecha. Hay un seismo en la Uni\u00f3n Europea, tras las europeas, y sobre todo Francia, tras Italia\u00a0y la posibilidad [&hellip;]<!-- AddThis Advanced Settings generic via filter on get_the_excerpt --><!-- AddThis Share Buttons generic via filter on get_the_excerpt --><\/p>\n","protected":false},"author":16,"featured_media":0,"comment_status":"open","ping_status":"closed","sticky":false,"template":"","format":"standard","meta":[],"categories":[1],"tags":[],"_links":{"self":[{"href":"https:\/\/blogs.elcomercio.es\/reflexiones-de-belarmino\/wp-json\/wp\/v2\/posts\/37690"}],"collection":[{"href":"https:\/\/blogs.elcomercio.es\/reflexiones-de-belarmino\/wp-json\/wp\/v2\/posts"}],"about":[{"href":"https:\/\/blogs.elcomercio.es\/reflexiones-de-belarmino\/wp-json\/wp\/v2\/types\/post"}],"author":[{"embeddable":true,"href":"https:\/\/blogs.elcomercio.es\/reflexiones-de-belarmino\/wp-json\/wp\/v2\/users\/16"}],"replies":[{"embeddable":true,"href":"https:\/\/blogs.elcomercio.es\/reflexiones-de-belarmino\/wp-json\/wp\/v2\/comments?post=37690"}],"version-history":[{"count":1,"href":"https:\/\/blogs.elcomercio.es\/reflexiones-de-belarmino\/wp-json\/wp\/v2\/posts\/37690\/revisions"}],"predecessor-version":[{"id":37691,"href":"https:\/\/blogs.elcomercio.es\/reflexiones-de-belarmino\/wp-json\/wp\/v2\/posts\/37690\/revisions\/37691"}],"wp:attachment":[{"href":"https:\/\/blogs.elcomercio.es\/reflexiones-de-belarmino\/wp-json\/wp\/v2\/media?parent=37690"}],"wp:term":[{"taxonomy":"category","embeddable":true,"href":"https:\/\/blogs.elcomercio.es\/reflexiones-de-belarmino\/wp-json\/wp\/v2\/categories?post=37690"},{"taxonomy":"post_tag","embeddable":true,"href":"https:\/\/blogs.elcomercio.es\/reflexiones-de-belarmino\/wp-json\/wp\/v2\/tags?post=37690"}],"curies":[{"name":"wp","href":"https:\/\/api.w.org\/{rel}","templated":true}]}}