{"id":37694,"date":"2024-07-02T17:35:02","date_gmt":"2024-07-02T15:35:02","guid":{"rendered":"https:\/\/blogs.elcomercio.es\/reflexiones-de-belarmino\/?p=37694"},"modified":"2024-07-02T17:35:02","modified_gmt":"2024-07-02T15:35:02","slug":"mientras-la-union-europea-gira-a-la-extrema-derecha-el-reino-unido-tras-14-anos-conservadores-vuelve-a-la-socialdemocracia","status":"publish","type":"post","link":"https:\/\/blogs.elcomercio.es\/reflexiones-de-belarmino\/2024\/07\/02\/mientras-la-union-europea-gira-a-la-extrema-derecha-el-reino-unido-tras-14-anos-conservadores-vuelve-a-la-socialdemocracia\/","title":{"rendered":"\u00a1\u00a1\u00a1\u00a1\u00a1MIENTRAS LA UNI\u00d3N EUROPEA GIRA A LA EXTREMA DERECHA EL REINO UNIDO ,TRAS 14  A\u00d1OS CONSERVADORES, VUELVE A LA SOCIALDEMOCRACIA !!!"},"content":{"rendered":"<p><b>Sunak, finalmente\u00a0fracas\u00f3, pero no s\u00f3lo \u00e9l, sino toda la politica conservadora tan ligada con los Estados Unidos, y tras 14 a\u00f1os ma\u00f1ana votar\u00e1 por los laborista, y asi se da el caso de que mientras la Uni\u00f3n\u00a0Europea gira , inevitablemente, hacia la extrema derecha, la Gran Isla Brit\u00e1nica da un giro, por toda la crisis, hacia la socialdemocracia<\/b><\/p>\n<!-- AddThis Advanced Settings generic via filter on the_content --><!-- AddThis Share Buttons generic via filter on the_content -->","protected":false},"excerpt":{"rendered":"<p>Sunak, finalmente\u00a0fracas\u00f3, pero no s\u00f3lo \u00e9l, sino toda la politica conservadora tan ligada con los Estados Unidos, y tras 14 a\u00f1os ma\u00f1ana votar\u00e1 por los laborista, y asi se da el caso de que mientras la Uni\u00f3n\u00a0Europea gira , inevitablemente, hacia la extrema derecha, la Gran Isla Brit\u00e1nica da un giro, por toda la crisis, [&hellip;]<!-- AddThis Advanced Settings generic via filter on get_the_excerpt --><!-- AddThis Share Buttons generic via filter on get_the_excerpt --><\/p>\n","protected":false},"author":16,"featured_media":0,"comment_status":"open","ping_status":"closed","sticky":false,"template":"","format":"standard","meta":[],"categories":[1],"tags":[],"_links":{"self":[{"href":"https:\/\/blogs.elcomercio.es\/reflexiones-de-belarmino\/wp-json\/wp\/v2\/posts\/37694"}],"collection":[{"href":"https:\/\/blogs.elcomercio.es\/reflexiones-de-belarmino\/wp-json\/wp\/v2\/posts"}],"about":[{"href":"https:\/\/blogs.elcomercio.es\/reflexiones-de-belarmino\/wp-json\/wp\/v2\/types\/post"}],"author":[{"embeddable":true,"href":"https:\/\/blogs.elcomercio.es\/reflexiones-de-belarmino\/wp-json\/wp\/v2\/users\/16"}],"replies":[{"embeddable":true,"href":"https:\/\/blogs.elcomercio.es\/reflexiones-de-belarmino\/wp-json\/wp\/v2\/comments?post=37694"}],"version-history":[{"count":1,"href":"https:\/\/blogs.elcomercio.es\/reflexiones-de-belarmino\/wp-json\/wp\/v2\/posts\/37694\/revisions"}],"predecessor-version":[{"id":37695,"href":"https:\/\/blogs.elcomercio.es\/reflexiones-de-belarmino\/wp-json\/wp\/v2\/posts\/37694\/revisions\/37695"}],"wp:attachment":[{"href":"https:\/\/blogs.elcomercio.es\/reflexiones-de-belarmino\/wp-json\/wp\/v2\/media?parent=37694"}],"wp:term":[{"taxonomy":"category","embeddable":true,"href":"https:\/\/blogs.elcomercio.es\/reflexiones-de-belarmino\/wp-json\/wp\/v2\/categories?post=37694"},{"taxonomy":"post_tag","embeddable":true,"href":"https:\/\/blogs.elcomercio.es\/reflexiones-de-belarmino\/wp-json\/wp\/v2\/tags?post=37694"}],"curies":[{"name":"wp","href":"https:\/\/api.w.org\/{rel}","templated":true}]}}