{"id":37703,"date":"2024-07-03T08:00:28","date_gmt":"2024-07-03T06:00:28","guid":{"rendered":"https:\/\/blogs.elcomercio.es\/reflexiones-de-belarmino\/?p=37703"},"modified":"2024-07-03T08:00:28","modified_gmt":"2024-07-03T06:00:28","slug":"el-gobierno-los-mete-en-aviones-y-en-la-noche-los-suelta-en-las-ciudades-esta-feijoo-con-capacidad-de-gobernar","status":"publish","type":"post","link":"https:\/\/blogs.elcomercio.es\/reflexiones-de-belarmino\/2024\/07\/03\/el-gobierno-los-mete-en-aviones-y-en-la-noche-los-suelta-en-las-ciudades-esta-feijoo-con-capacidad-de-gobernar\/","title":{"rendered":"\u00a1\u00a1\u00a1\u00a1&#8221; EL GOBIERNO LOS METE EN AVIONES Y EN LA NOCHE LOS SUELTA EN LAS CIUDADES&#8221;. \u00bf EST\u00c1 FEIJ\u00d3O CON CAPACIDAD DE GOBERNAR ?!!"},"content":{"rendered":"<p><b>El gallego , hoy lider de la oposici\u00f3n, dijo ayer en Onda Cero: &#8221; El gobierno los mete en avi\u00f3n y luego los suelta por las ciudades&#8221;(refiri\u00e9ndose\u00a0a los\u00a0inmigrantes). De ese tama\u00f1o\u00a0 es, no la incultura, sino la en\u00e9sima\u00a0mentira de una oposici\u00f3n que incapaz de llegar al gobierno, suelta esa barbaridades, como si el pueblo espa\u00f1ol fuera un pueblo\u00a0 retrasado mental.. Eso est\u00e1 bien, para uno de los concejos gallegos, donde sus caciques, como Baltar, se han mantenido en el poder 20 a\u00f1os o m\u00e1s, a base de ese enga\u00f1o.Pero el pueblo espa\u00f1ol, es otra cosa. Por ello lleva ya tres a\u00f1os y Feij\u00f3o no llega.<\/b><\/p>\n<!-- AddThis Advanced Settings generic via filter on the_content --><!-- AddThis Share Buttons generic via filter on the_content -->","protected":false},"excerpt":{"rendered":"<p>El gallego , hoy lider de la oposici\u00f3n, dijo ayer en Onda Cero: &#8221; El gobierno los mete en avi\u00f3n y luego los suelta por las ciudades&#8221;(refiri\u00e9ndose\u00a0a los\u00a0inmigrantes). De ese tama\u00f1o\u00a0 es, no la incultura, sino la en\u00e9sima\u00a0mentira de una oposici\u00f3n que incapaz de llegar al gobierno, suelta esa barbaridades, como si el pueblo espa\u00f1ol [&hellip;]<!-- AddThis Advanced Settings generic via filter on get_the_excerpt --><!-- AddThis Share Buttons generic via filter on get_the_excerpt --><\/p>\n","protected":false},"author":16,"featured_media":0,"comment_status":"open","ping_status":"closed","sticky":false,"template":"","format":"standard","meta":[],"categories":[1],"tags":[],"_links":{"self":[{"href":"https:\/\/blogs.elcomercio.es\/reflexiones-de-belarmino\/wp-json\/wp\/v2\/posts\/37703"}],"collection":[{"href":"https:\/\/blogs.elcomercio.es\/reflexiones-de-belarmino\/wp-json\/wp\/v2\/posts"}],"about":[{"href":"https:\/\/blogs.elcomercio.es\/reflexiones-de-belarmino\/wp-json\/wp\/v2\/types\/post"}],"author":[{"embeddable":true,"href":"https:\/\/blogs.elcomercio.es\/reflexiones-de-belarmino\/wp-json\/wp\/v2\/users\/16"}],"replies":[{"embeddable":true,"href":"https:\/\/blogs.elcomercio.es\/reflexiones-de-belarmino\/wp-json\/wp\/v2\/comments?post=37703"}],"version-history":[{"count":1,"href":"https:\/\/blogs.elcomercio.es\/reflexiones-de-belarmino\/wp-json\/wp\/v2\/posts\/37703\/revisions"}],"predecessor-version":[{"id":37704,"href":"https:\/\/blogs.elcomercio.es\/reflexiones-de-belarmino\/wp-json\/wp\/v2\/posts\/37703\/revisions\/37704"}],"wp:attachment":[{"href":"https:\/\/blogs.elcomercio.es\/reflexiones-de-belarmino\/wp-json\/wp\/v2\/media?parent=37703"}],"wp:term":[{"taxonomy":"category","embeddable":true,"href":"https:\/\/blogs.elcomercio.es\/reflexiones-de-belarmino\/wp-json\/wp\/v2\/categories?post=37703"},{"taxonomy":"post_tag","embeddable":true,"href":"https:\/\/blogs.elcomercio.es\/reflexiones-de-belarmino\/wp-json\/wp\/v2\/tags?post=37703"}],"curies":[{"name":"wp","href":"https:\/\/api.w.org\/{rel}","templated":true}]}}