{"id":37735,"date":"2024-07-04T22:16:00","date_gmt":"2024-07-04T20:16:00","guid":{"rendered":"https:\/\/blogs.elcomercio.es\/reflexiones-de-belarmino\/?p=37735"},"modified":"2024-07-04T22:16:00","modified_gmt":"2024-07-04T20:16:00","slug":"quien-con-que-dinero-y-objetivo-esta-detras-de-la-campana-de-acoso-y-derribo-de-gobierno-y-monarquia-quien-detras-de-del-burgo-y-contra-begona","status":"publish","type":"post","link":"https:\/\/blogs.elcomercio.es\/reflexiones-de-belarmino\/2024\/07\/04\/quien-con-que-dinero-y-objetivo-esta-detras-de-la-campana-de-acoso-y-derribo-de-gobierno-y-monarquia-quien-detras-de-del-burgo-y-contra-begona\/","title":{"rendered":"\u00a1\u00a1\u00a1\u00a1\u00a1\u00bf QUI\u00c9N, CON QU\u00c9 DINERO Y OBJETIVO, ESTA DETR\u00c1S DE LA CAMPA\u00d1A DE ACOSO Y DERRIBO DE GOBIERNO Y MONARQU\u00cdA.?,\u00bfQUIEN DETR\u00c1S DE DEL BURGO Y CONTRA BEGO\u00d1A ?!!!!"},"content":{"rendered":"<p><b>Por m\u00e1s que no se hable de ello, alguien est\u00e1 detr\u00e1s\u00a0de la Campa\u00f1a de Acoso y derribo de Pedro Sanchez, su esposa Bogo\u00f1a. y la reina Leticia , para doblar a Felipe VI.Y no hay m\u00e1s que\u00a0una poderosa persona que, cada vez m\u00e1s visita a su medico en Vitoria, sabedor que terminara\u00a0en silla de ruedas y que fuerza a sus enemigos que rodean al hijo, que seg\u00fan \u00e9l lo manipulan e impiden que \u00e9l venga a pasar en silla de ruedas su vejez en La Zarzuela.: EL REY EM\u00c9RITO\u00a0y con \u00e9l todos los poderes, que coinciden con esa lucha, miembros de la derecha, de las ca\u00f1er\u00edas\u00a0del estado, de las de la informaci\u00f3n y poderosos personajes ex presidentes como Aznar y Gonz\u00e1lez.<\/b><\/p>\n<p><b>Veamos. Hasta 2014, callaron\u00a0 sobre la realidad\u00a0 del Em\u00e9rito, todos aquellos que se aprovecharon de aquellos a\u00f1os entre 1978 y 2014. Ex presidentes, la \u00e9lite\u00a0econ\u00f3mica, aquella &#8221; Buyteful People&#8221; de aquella\u00a0 &#8220;movida madrile\u00f1a&#8221;, donde todo se val\u00edan, en la lucha por el todopoderoso poder politico y econ\u00f3mico que quedaba a la vista a la muerte del Dictador.<\/b><\/p>\n<p><b>Centenares c\u00f3mplices, de las\u00a0puertas giratorias, del deseo de ser tan poderoso ministro, que\u00a0 quer\u00eda ser poderoso banquero y se merec\u00eda a la filipina que vino, vio\u00a0y venci\u00f3.Pero miles callaron, se aprovecharon, se lucraron y ahora o callan, o vuelven a ser instrumentos\u00a0como Pe\u00f1afiel.<\/b><\/p>\n<p><b>Para el todopoderoso descendiente de 300 a\u00f1os de monarcas espa\u00f1oles, como se lo lanz\u00f3 a la cara a Adolfo Su\u00e1rez en la Zarzuela, antes de doblarlo. Para el hombre inmoral, decadente, fue\u00a0Pedro Sanchez, su esposa, ambos\u00a0amigos de Felipe Vi y Leticia, el que orquest\u00f3 todo para mandarlo a Abu Dabi. Nunca pens\u00f3 para si mismo que, EL MISMO SE EXILIO para Proteger su fortuna, TAN DURAMENTE ADQUIRIDA, entre las monarqu\u00edas \u00e1rabes y las cumbres Iberoamericanas. Quiz\u00e1s 3,000 millones de dolares que calculo el New York Times, lo val\u00edan. Si todos se enriquec\u00edan, el \u00bf POR QUE NO ?.<\/b><\/p>\n<p><b>Tan bien lo aprendi\u00f3 que su\u00a0 ego, lo llev\u00f3 a decirle a aquel Undargar\u00edn: &#8221; Oye, y tu como tienes viviendo a mi hija, la Infanta, en esa casa&#8221;, a lo cual el yerno, sigui\u00f3 los consejos de sus amigos: &#8221; I\u00f1aki, eres tonto, ve lo que hace tu suegro, te estas viendo lento&#8221;, y el otro ech\u00f3 a andar y ah\u00ed empez\u00f3\u00a0el declive.&#8221; Y ah\u00ed\u00a0empez\u00f3 todo en Pedralbes y el Noos&#8221;.<\/b><\/p>\n<p><b>El hijo, hizo resistencia y se cas\u00f3, contra su criterio, con quien le dio\u00a0la gana, la &#8220;hija del taxista&#8221; que inmortaliz\u00f3 el par\u00e1sito\u00a0de Pe\u00f1afiel.<\/b><\/p>\n<p><strong>Y Leticia, muy inteligente, se lanzo, en favor del futuro de su hija Leonor contra el abuelo y toda la familia que lo rodeaba, y desconect\u00f3 ambas etapas.<\/strong><\/p>\n<p><b>Pocos recuerdan el d\u00eda que Pedro Sanchez candidato a Jefe de Gobierno, fue a la Zarzuela, y al final de la entrevista, Felipe Vi, record\u00f3 la petici\u00f3n de Leticia: &#8221; Oye Felipe, Pedro y yo somos amigos desde el Instituto, \u00bf podr\u00eda saludarlo?.<\/b><\/p>\n<p><strong>Y ese d\u00eda se creo el TANDEM, FELIPE, LETICIA, PEDRO Y BEGO\u00d1A<\/strong><\/p>\n<p><b>Furioso, a lo lejos, aquel Em\u00e9rito movi\u00f3\u00a0fichas, para liquidar a dos mujeres que lo hab\u00edan lastimado : Leticia y Barbara Rey, y con ellos acabar con el tandem, para que su hijo &#8220;recuperase la cordura&#8221; y se volviera a aquellos tiempos felices, que controlada Sofia desde 1979 por su silencia total, a cambio de ser reina hasta morir y que no le faltase nunca nada a su madre y su familia, y a tener viviendo a Corina con su hijo a 15 minutos de la Zarzuela, que en moto era 10 minutos, amante de lujo. Lo nunca visto. Lo siempre\u00a0callado por todos.<\/b><\/p>\n<p><b>Lo de Bego\u00f1a se lo encarg\u00f3 a la venezolana de 43 a\u00f1os de The Objetive, y ella a la Katty, con la encomienda de acabar con ella y as\u00ed tirar al &#8220;mal ejemplo&#8221; de su marido.<\/b><\/p>\n<p><b>Pero hay que leer entre l\u00edneas, captar imagenes en fotos o en televisi\u00f3n, como sucedi\u00f3 en Zaragoza, hace dos o tres d\u00edas con la Princesa Leonor.Ella y su hermana saben todo de lo que se habla, y por ella para Leonor su padre se vuelve clave en sus afectos,\u00a0 de ahi su abrazo al pare, por ser su padre y por no aceptar lo que se estaba sabiendo de la madre.<\/b><\/p>\n<p><b>Ese d\u00eda, la cara de la reina, defin\u00eda todo. Aquel Jaime del Burgo, le soltaron\u00a0m\u00e1s dinero, el que quisiera para hacer una serie en Netflix, para contar la historia real de Leticia.<\/b><\/p>\n<p><b>A cambio de no hacerlo, el Em\u00e9rito deb\u00eda regresar a la Zarzuela y los millones de euros de por medio se lo llevaban aquel de apellido &#8220;burgu\u00e9s&#8221;.<\/b><\/p>\n<p><strong>Todos han cerrado filas alrededor de Leticia y Bego\u00f1a, pero ellas saben, como tienen las espaldas descubiertas.<\/strong><\/p>\n<p><strong>Hoy, fuera de todos los problemas de los espa\u00f1oles, se est\u00e1 dando esta soterrada lucha, va a afectarnos a todos los espa\u00f1oles, en el marco de un mundo cambiante, donde ni siquiera est\u00e1n aseguradas las monarqu\u00edas.<\/strong><\/p>\n<p><strong>Mientras millones gozan el verano, en estos dos meses se est\u00e1 jugando otra vez el futuro de Espa\u00f1a. Ya no habr\u00e1 otro 23 F. y adem\u00e1s LA EUROCOPA.<\/strong><\/p>\n<p><strong> Hay quienes hacen rezos para que Espa\u00f1a gane, y Felipe est\u00e9 en el palco en Berl\u00edn, o al rev\u00e9s&#8230;&#8230;.<\/strong><\/p>\n<p><b>Por supuesto al Em\u00e9rito la ha salido la simpat\u00eda\u00a0alemana, recordando\u00a0alguna amante de ese pa\u00eds, que de no haberla tenido hubiera significado un ego a su masculinidad.<\/b><\/p>\n<p>&nbsp;<\/p>\n<p>&nbsp;<\/p>\n<p>&nbsp;<\/p>\n<p>&nbsp;<\/p>\n<p>&nbsp;<\/p>\n<p>&nbsp;<\/p>\n<p>&nbsp;<\/p>\n<!-- AddThis Advanced Settings generic via filter on the_content --><!-- AddThis Share Buttons generic via filter on the_content -->","protected":false},"excerpt":{"rendered":"<p>Por m\u00e1s que no se hable de ello, alguien est\u00e1 detr\u00e1s\u00a0de la Campa\u00f1a de Acoso y derribo de Pedro Sanchez, su esposa Bogo\u00f1a. y la reina Leticia , para doblar a Felipe VI.Y no hay m\u00e1s que\u00a0una poderosa persona que, cada vez m\u00e1s visita a su medico en Vitoria, sabedor que terminara\u00a0en silla de ruedas [&hellip;]<!-- AddThis Advanced Settings generic via filter on get_the_excerpt --><!-- AddThis Share Buttons generic via filter on get_the_excerpt --><\/p>\n","protected":false},"author":16,"featured_media":0,"comment_status":"open","ping_status":"closed","sticky":false,"template":"","format":"standard","meta":[],"categories":[1],"tags":[],"_links":{"self":[{"href":"https:\/\/blogs.elcomercio.es\/reflexiones-de-belarmino\/wp-json\/wp\/v2\/posts\/37735"}],"collection":[{"href":"https:\/\/blogs.elcomercio.es\/reflexiones-de-belarmino\/wp-json\/wp\/v2\/posts"}],"about":[{"href":"https:\/\/blogs.elcomercio.es\/reflexiones-de-belarmino\/wp-json\/wp\/v2\/types\/post"}],"author":[{"embeddable":true,"href":"https:\/\/blogs.elcomercio.es\/reflexiones-de-belarmino\/wp-json\/wp\/v2\/users\/16"}],"replies":[{"embeddable":true,"href":"https:\/\/blogs.elcomercio.es\/reflexiones-de-belarmino\/wp-json\/wp\/v2\/comments?post=37735"}],"version-history":[{"count":4,"href":"https:\/\/blogs.elcomercio.es\/reflexiones-de-belarmino\/wp-json\/wp\/v2\/posts\/37735\/revisions"}],"predecessor-version":[{"id":37739,"href":"https:\/\/blogs.elcomercio.es\/reflexiones-de-belarmino\/wp-json\/wp\/v2\/posts\/37735\/revisions\/37739"}],"wp:attachment":[{"href":"https:\/\/blogs.elcomercio.es\/reflexiones-de-belarmino\/wp-json\/wp\/v2\/media?parent=37735"}],"wp:term":[{"taxonomy":"category","embeddable":true,"href":"https:\/\/blogs.elcomercio.es\/reflexiones-de-belarmino\/wp-json\/wp\/v2\/categories?post=37735"},{"taxonomy":"post_tag","embeddable":true,"href":"https:\/\/blogs.elcomercio.es\/reflexiones-de-belarmino\/wp-json\/wp\/v2\/tags?post=37735"}],"curies":[{"name":"wp","href":"https:\/\/api.w.org\/{rel}","templated":true}]}}