{"id":37792,"date":"2024-07-08T19:00:26","date_gmt":"2024-07-08T17:00:26","guid":{"rendered":"https:\/\/blogs.elcomercio.es\/reflexiones-de-belarmino\/?p=37792"},"modified":"2024-07-08T19:00:26","modified_gmt":"2024-07-08T17:00:26","slug":"biden-va-con-todo-no-renuncia-primero-el-y-luego-el-mundofaltan-3-semanas-convencion","status":"publish","type":"post","link":"https:\/\/blogs.elcomercio.es\/reflexiones-de-belarmino\/2024\/07\/08\/biden-va-con-todo-no-renuncia-primero-el-y-luego-el-mundofaltan-3-semanas-convencion\/","title":{"rendered":"\u00a1\u00a1\u00a1\u00a1\u00a1BIDEN VA CON TODO. NO RENUNCIA. PRIMERO \u00c9L Y LUEGO EL MUNDO,FALTAN 3 SEMANAS CONVENCI\u00d3N !!!"},"content":{"rendered":"<p><strong>Y Joe Biden insiste. En su mente inconsciente no capta la realidad, se siente superior a todos y el \u00fanico a la altura para enfrentarse a Trump,en noviembre, Si los poderes dem\u00f3cratas no logran apartarlo entes de la Convenci\u00f3n, cosa que es posible, ir\u00e1 al desafi\u00f3, perder\u00e1 las elecciones y asi quedar\u00e1 grabado en la historia.<\/strong><\/p>\n<!-- AddThis Advanced Settings generic via filter on the_content --><!-- AddThis Share Buttons generic via filter on the_content -->","protected":false},"excerpt":{"rendered":"<p>Y Joe Biden insiste. En su mente inconsciente no capta la realidad, se siente superior a todos y el \u00fanico a la altura para enfrentarse a Trump,en noviembre, Si los poderes dem\u00f3cratas no logran apartarlo entes de la Convenci\u00f3n, cosa que es posible, ir\u00e1 al desafi\u00f3, perder\u00e1 las elecciones y asi quedar\u00e1 grabado en la [&hellip;]<!-- AddThis Advanced Settings generic via filter on get_the_excerpt --><!-- AddThis Share Buttons generic via filter on get_the_excerpt --><\/p>\n","protected":false},"author":16,"featured_media":0,"comment_status":"open","ping_status":"closed","sticky":false,"template":"","format":"standard","meta":[],"categories":[1],"tags":[],"_links":{"self":[{"href":"https:\/\/blogs.elcomercio.es\/reflexiones-de-belarmino\/wp-json\/wp\/v2\/posts\/37792"}],"collection":[{"href":"https:\/\/blogs.elcomercio.es\/reflexiones-de-belarmino\/wp-json\/wp\/v2\/posts"}],"about":[{"href":"https:\/\/blogs.elcomercio.es\/reflexiones-de-belarmino\/wp-json\/wp\/v2\/types\/post"}],"author":[{"embeddable":true,"href":"https:\/\/blogs.elcomercio.es\/reflexiones-de-belarmino\/wp-json\/wp\/v2\/users\/16"}],"replies":[{"embeddable":true,"href":"https:\/\/blogs.elcomercio.es\/reflexiones-de-belarmino\/wp-json\/wp\/v2\/comments?post=37792"}],"version-history":[{"count":1,"href":"https:\/\/blogs.elcomercio.es\/reflexiones-de-belarmino\/wp-json\/wp\/v2\/posts\/37792\/revisions"}],"predecessor-version":[{"id":37793,"href":"https:\/\/blogs.elcomercio.es\/reflexiones-de-belarmino\/wp-json\/wp\/v2\/posts\/37792\/revisions\/37793"}],"wp:attachment":[{"href":"https:\/\/blogs.elcomercio.es\/reflexiones-de-belarmino\/wp-json\/wp\/v2\/media?parent=37792"}],"wp:term":[{"taxonomy":"category","embeddable":true,"href":"https:\/\/blogs.elcomercio.es\/reflexiones-de-belarmino\/wp-json\/wp\/v2\/categories?post=37792"},{"taxonomy":"post_tag","embeddable":true,"href":"https:\/\/blogs.elcomercio.es\/reflexiones-de-belarmino\/wp-json\/wp\/v2\/tags?post=37792"}],"curies":[{"name":"wp","href":"https:\/\/api.w.org\/{rel}","templated":true}]}}