{"id":38229,"date":"2024-09-04T10:05:45","date_gmt":"2024-09-04T08:05:45","guid":{"rendered":"https:\/\/blogs.elcomercio.es\/reflexiones-de-belarmino\/?p=38229"},"modified":"2024-09-04T10:05:45","modified_gmt":"2024-09-04T08:05:45","slug":"alarma-en-ucrania-fuerte-avance-ruso-en-donestkcambio-del-gobierno-tras-que-sus-propias-fuerzas-tirasen-uno-de-los-valiosismos-aviones-f16-de-e-uu","status":"publish","type":"post","link":"https:\/\/blogs.elcomercio.es\/reflexiones-de-belarmino\/2024\/09\/04\/alarma-en-ucrania-fuerte-avance-ruso-en-donestkcambio-del-gobierno-tras-que-sus-propias-fuerzas-tirasen-uno-de-los-valiosismos-aviones-f16-de-e-uu\/","title":{"rendered":"\u00a1\u00a1\u00a1\u00a1ALARMA EN UCRANIA. FUERTE AVANCE RUSO EN DONESTK,CAMBIO DEL GOBIERNO TRAS QUE SUS PROPIAS FUERZAS TIRASEN UNO DE LOS VALIOSISMOS AVIONES F16 DE E.UU !!!"},"content":{"rendered":"<p><b>Hay alarma en Ucrania. No s\u00f3lo por el gran avance ruso en Donestk, sino al saberse que sus propios soldados con misiles\u00a0de EE:UU derribasen uno de los F16 enviados por E:UU,. De inmediato ceses y hoy Zelensky remodel\u00f3 el Gobierno, tras pedir\u00a0la renuncia al responsable de defensa.<\/b><\/p>\n<p><strong>Pueden venir momentos definitorios.<\/strong><\/p>\n<p><b>Rusia lleva tres d\u00edas atacando duramente. Ayer, seg\u00fan los medios, un misil mat\u00f3 a 300 militares ucranianos en esa base y se acerca a cerrar Donestk.<\/b><\/p>\n<!-- AddThis Advanced Settings generic via filter on the_content --><!-- AddThis Share Buttons generic via filter on the_content -->","protected":false},"excerpt":{"rendered":"<p>Hay alarma en Ucrania. No s\u00f3lo por el gran avance ruso en Donestk, sino al saberse que sus propios soldados con misiles\u00a0de EE:UU derribasen uno de los F16 enviados por E:UU,. De inmediato ceses y hoy Zelensky remodel\u00f3 el Gobierno, tras pedir\u00a0la renuncia al responsable de defensa. Pueden venir momentos definitorios. Rusia lleva tres d\u00edas [&hellip;]<!-- AddThis Advanced Settings generic via filter on get_the_excerpt --><!-- AddThis Share Buttons generic via filter on get_the_excerpt --><\/p>\n","protected":false},"author":16,"featured_media":0,"comment_status":"open","ping_status":"closed","sticky":false,"template":"","format":"standard","meta":[],"categories":[1],"tags":[],"_links":{"self":[{"href":"https:\/\/blogs.elcomercio.es\/reflexiones-de-belarmino\/wp-json\/wp\/v2\/posts\/38229"}],"collection":[{"href":"https:\/\/blogs.elcomercio.es\/reflexiones-de-belarmino\/wp-json\/wp\/v2\/posts"}],"about":[{"href":"https:\/\/blogs.elcomercio.es\/reflexiones-de-belarmino\/wp-json\/wp\/v2\/types\/post"}],"author":[{"embeddable":true,"href":"https:\/\/blogs.elcomercio.es\/reflexiones-de-belarmino\/wp-json\/wp\/v2\/users\/16"}],"replies":[{"embeddable":true,"href":"https:\/\/blogs.elcomercio.es\/reflexiones-de-belarmino\/wp-json\/wp\/v2\/comments?post=38229"}],"version-history":[{"count":2,"href":"https:\/\/blogs.elcomercio.es\/reflexiones-de-belarmino\/wp-json\/wp\/v2\/posts\/38229\/revisions"}],"predecessor-version":[{"id":38231,"href":"https:\/\/blogs.elcomercio.es\/reflexiones-de-belarmino\/wp-json\/wp\/v2\/posts\/38229\/revisions\/38231"}],"wp:attachment":[{"href":"https:\/\/blogs.elcomercio.es\/reflexiones-de-belarmino\/wp-json\/wp\/v2\/media?parent=38229"}],"wp:term":[{"taxonomy":"category","embeddable":true,"href":"https:\/\/blogs.elcomercio.es\/reflexiones-de-belarmino\/wp-json\/wp\/v2\/categories?post=38229"},{"taxonomy":"post_tag","embeddable":true,"href":"https:\/\/blogs.elcomercio.es\/reflexiones-de-belarmino\/wp-json\/wp\/v2\/tags?post=38229"}],"curies":[{"name":"wp","href":"https:\/\/api.w.org\/{rel}","templated":true}]}}