{"id":38237,"date":"2024-09-04T18:27:05","date_gmt":"2024-09-04T16:27:05","guid":{"rendered":"https:\/\/blogs.elcomercio.es\/reflexiones-de-belarmino\/?p=38237"},"modified":"2024-09-04T18:27:05","modified_gmt":"2024-09-04T16:27:05","slug":"pedro-sanchez-en-plenitud-consolida-gobierno-e-inicia-el-curso-politico-seguro-de-llegar-hasta-2027","status":"publish","type":"post","link":"https:\/\/blogs.elcomercio.es\/reflexiones-de-belarmino\/2024\/09\/04\/pedro-sanchez-en-plenitud-consolida-gobierno-e-inicia-el-curso-politico-seguro-de-llegar-hasta-2027\/","title":{"rendered":"\u00a1\u00a1\u00a1\u00a1\u00a1 PEDRO S\u00c1NCHEZ, EN PLENITUD, CONSOLIDA GOBIERNO  E INICIA EL CURSO POL\u00cdTICO, SEGURO DE LLEGAR HASTA 2027!!"},"content":{"rendered":"<p><b>Como era de esperar, el Pedro Sanchez\u00a0 al que hab\u00edan\u00a0cercado, tom\u00f3 el verano y no s\u00f3lo recuper\u00f3 energ\u00edas\u00a0sino que prepar\u00f3 bien como llevar hasta el final a esta Legislatura en 2027. Lo primero\u00a0fue\u00a0la\u00a0 consolidaci\u00f3n de su Gobierno y a partir del s\u00e1bado consolidara\u00a0el Partido en dos etapas: el Comit\u00e9 Federal este fin de semana y luego\u00a0el 29 de noviembre el 41 Congreso del Partido Socialista Obrero Espa\u00f1ol.<\/b><\/p>\n<p><b>Mientras, llamada\u00a0a comparecer,\u00a0 la vicepresidenta\u00a0primera del gobierno la se\u00f1ora Montero, sorteaba la sesi\u00f3n\u00a0pero sin soltar nada en la relaci\u00f3n con la financiaci\u00f3n econ\u00f3mica, que explicar\u00e1 el presidente Sanchez en la REUNI\u00d3N\u00a0DE TODOS LOS\u00a0PRESIDENTES\u00a0AUTON\u00d3MICAS., Pedro Sanchez consolidaba el Banco de Espa\u00f1a, con uno de los mejores\u00a0cuadros que tiene Espa\u00f1a, reconocido en todos niveles Jos\u00e9 Luis Escriv\u00e1.<\/b><\/p>\n<p><b>Para substituirlo, saca de la cantera de cuadros de primera\u00a0del PSOE , a\u00a0 Oscar L\u00f3pez, hasta hoy su Jefe de Gabinete para sustituir a Escriva, y en su lugar, como nuevo Jefe de Gabinete a Diego Rubio, con estudios de postgrado en Oxford.<\/b><\/p>\n<p><strong>Y, ya est\u00e1 todo listo para el Comit\u00e9 Federal, donde consolidar\u00e1 su liderazgo, que materializar\u00e1 en el 41 Congreso del PSOE que se celebrara el 29 de noviembre, donde s\u00f3lo los m\u00e1s fuertes en el proyecto consolidar\u00e1n el futuro del Partido Socialista Obrero Espa\u00f1ol. Es el momento de dejar atr\u00e1s a las medias tintas, a las viejas glorias, y este nuevo Congreso que desatar\u00e1 los congresos de cada autonom\u00eda.<\/strong><\/p>\n<p><strong>En enero, habr\u00e1 partido y gobierno, para, por lo menos 2027, donde creo que se iniciar\u00e1 la REAL TRANSICI\u00d3N.<\/strong><\/p>\n<p>&nbsp;<\/p>\n<p>&nbsp;<\/p>\n<p>&nbsp;<\/p>\n<!-- AddThis Advanced Settings generic via filter on the_content --><!-- AddThis Share Buttons generic via filter on the_content -->","protected":false},"excerpt":{"rendered":"<p>Como era de esperar, el Pedro Sanchez\u00a0 al que hab\u00edan\u00a0cercado, tom\u00f3 el verano y no s\u00f3lo recuper\u00f3 energ\u00edas\u00a0sino que prepar\u00f3 bien como llevar hasta el final a esta Legislatura en 2027. Lo primero\u00a0fue\u00a0la\u00a0 consolidaci\u00f3n de su Gobierno y a partir del s\u00e1bado consolidara\u00a0el Partido en dos etapas: el Comit\u00e9 Federal este fin de semana y [&hellip;]<!-- AddThis Advanced Settings generic via filter on get_the_excerpt --><!-- AddThis Share Buttons generic via filter on get_the_excerpt --><\/p>\n","protected":false},"author":16,"featured_media":0,"comment_status":"open","ping_status":"closed","sticky":false,"template":"","format":"standard","meta":[],"categories":[1],"tags":[],"_links":{"self":[{"href":"https:\/\/blogs.elcomercio.es\/reflexiones-de-belarmino\/wp-json\/wp\/v2\/posts\/38237"}],"collection":[{"href":"https:\/\/blogs.elcomercio.es\/reflexiones-de-belarmino\/wp-json\/wp\/v2\/posts"}],"about":[{"href":"https:\/\/blogs.elcomercio.es\/reflexiones-de-belarmino\/wp-json\/wp\/v2\/types\/post"}],"author":[{"embeddable":true,"href":"https:\/\/blogs.elcomercio.es\/reflexiones-de-belarmino\/wp-json\/wp\/v2\/users\/16"}],"replies":[{"embeddable":true,"href":"https:\/\/blogs.elcomercio.es\/reflexiones-de-belarmino\/wp-json\/wp\/v2\/comments?post=38237"}],"version-history":[{"count":3,"href":"https:\/\/blogs.elcomercio.es\/reflexiones-de-belarmino\/wp-json\/wp\/v2\/posts\/38237\/revisions"}],"predecessor-version":[{"id":38240,"href":"https:\/\/blogs.elcomercio.es\/reflexiones-de-belarmino\/wp-json\/wp\/v2\/posts\/38237\/revisions\/38240"}],"wp:attachment":[{"href":"https:\/\/blogs.elcomercio.es\/reflexiones-de-belarmino\/wp-json\/wp\/v2\/media?parent=38237"}],"wp:term":[{"taxonomy":"category","embeddable":true,"href":"https:\/\/blogs.elcomercio.es\/reflexiones-de-belarmino\/wp-json\/wp\/v2\/categories?post=38237"},{"taxonomy":"post_tag","embeddable":true,"href":"https:\/\/blogs.elcomercio.es\/reflexiones-de-belarmino\/wp-json\/wp\/v2\/tags?post=38237"}],"curies":[{"name":"wp","href":"https:\/\/api.w.org\/{rel}","templated":true}]}}