{"id":38241,"date":"2024-09-04T18:32:54","date_gmt":"2024-09-04T16:32:54","guid":{"rendered":"https:\/\/blogs.elcomercio.es\/reflexiones-de-belarmino\/?p=38241"},"modified":"2024-09-04T18:36:24","modified_gmt":"2024-09-04T16:36:24","slug":"fortalecer-el-estado-del-bienestar-mas-autobuses-publicos-y-menos-lamborghinis","status":"publish","type":"post","link":"https:\/\/blogs.elcomercio.es\/reflexiones-de-belarmino\/2024\/09\/04\/fortalecer-el-estado-del-bienestar-mas-autobuses-publicos-y-menos-lamborghinis\/","title":{"rendered":"\u00a1\u00a1\u00a1\u00a1\u00a1\u00a1FORTALECER EL ESTADO DEL BIENESTAR.- MAS AUTOBUSES P\u00daBLICOS Y MENOS LAMBORGHINIS. !!!"},"content":{"rendered":"<p><b>&#8220;Apretaremos a los grandes fortunas que tienen para vivir 100 generaciones y fortaleceremos el Estado del Bienestar: M\u00e1s autobuses p\u00fablicos\u00a0y menos Lamborghinis.&#8221;: Pedro Sanchez, quien citar\u00e1 en las pr\u00f3ximas\u00a0 semanas a todos los presidentes auton\u00f3micos, y que habr\u00e1 recursos, no s\u00f3lo para Catalu\u00f1a, sino para todas las\u00a0autonom\u00edas.<\/b><\/p>\n<p><strong>Un mes de ruido, comparecencia de Maria Jesus MOntero, pero, la respuesta en La Moncloa, donde saldr\u00e1n satisfechos todos los presidentes.<\/strong><\/p>\n<!-- AddThis Advanced Settings generic via filter on the_content --><!-- AddThis Share Buttons generic via filter on the_content -->","protected":false},"excerpt":{"rendered":"<p>&#8220;Apretaremos a los grandes fortunas que tienen para vivir 100 generaciones y fortaleceremos el Estado del Bienestar: M\u00e1s autobuses p\u00fablicos\u00a0y menos Lamborghinis.&#8221;: Pedro Sanchez, quien citar\u00e1 en las pr\u00f3ximas\u00a0 semanas a todos los presidentes auton\u00f3micos, y que habr\u00e1 recursos, no s\u00f3lo para Catalu\u00f1a, sino para todas las\u00a0autonom\u00edas. Un mes de ruido, comparecencia de Maria Jesus [&hellip;]<!-- AddThis Advanced Settings generic via filter on get_the_excerpt --><!-- AddThis Share Buttons generic via filter on get_the_excerpt --><\/p>\n","protected":false},"author":16,"featured_media":0,"comment_status":"open","ping_status":"closed","sticky":false,"template":"","format":"standard","meta":[],"categories":[1],"tags":[],"_links":{"self":[{"href":"https:\/\/blogs.elcomercio.es\/reflexiones-de-belarmino\/wp-json\/wp\/v2\/posts\/38241"}],"collection":[{"href":"https:\/\/blogs.elcomercio.es\/reflexiones-de-belarmino\/wp-json\/wp\/v2\/posts"}],"about":[{"href":"https:\/\/blogs.elcomercio.es\/reflexiones-de-belarmino\/wp-json\/wp\/v2\/types\/post"}],"author":[{"embeddable":true,"href":"https:\/\/blogs.elcomercio.es\/reflexiones-de-belarmino\/wp-json\/wp\/v2\/users\/16"}],"replies":[{"embeddable":true,"href":"https:\/\/blogs.elcomercio.es\/reflexiones-de-belarmino\/wp-json\/wp\/v2\/comments?post=38241"}],"version-history":[{"count":4,"href":"https:\/\/blogs.elcomercio.es\/reflexiones-de-belarmino\/wp-json\/wp\/v2\/posts\/38241\/revisions"}],"predecessor-version":[{"id":38245,"href":"https:\/\/blogs.elcomercio.es\/reflexiones-de-belarmino\/wp-json\/wp\/v2\/posts\/38241\/revisions\/38245"}],"wp:attachment":[{"href":"https:\/\/blogs.elcomercio.es\/reflexiones-de-belarmino\/wp-json\/wp\/v2\/media?parent=38241"}],"wp:term":[{"taxonomy":"category","embeddable":true,"href":"https:\/\/blogs.elcomercio.es\/reflexiones-de-belarmino\/wp-json\/wp\/v2\/categories?post=38241"},{"taxonomy":"post_tag","embeddable":true,"href":"https:\/\/blogs.elcomercio.es\/reflexiones-de-belarmino\/wp-json\/wp\/v2\/tags?post=38241"}],"curies":[{"name":"wp","href":"https:\/\/api.w.org\/{rel}","templated":true}]}}