{"id":38474,"date":"2024-09-15T17:59:16","date_gmt":"2024-09-15T15:59:16","guid":{"rendered":"https:\/\/blogs.elcomercio.es\/reflexiones-de-belarmino\/?p=38474"},"modified":"2024-09-15T17:59:16","modified_gmt":"2024-09-15T15:59:16","slug":"y-cuando-al-sistema-ya-no-lo-necesito-por-que-les-estorbaba-tiraron-a-felipe-gonzalez-en-1996","status":"publish","type":"post","link":"https:\/\/blogs.elcomercio.es\/reflexiones-de-belarmino\/2024\/09\/15\/y-cuando-al-sistema-ya-no-lo-necesito-por-que-les-estorbaba-tiraron-a-felipe-gonzalez-en-1996\/","title":{"rendered":"\u00a1\u00a1\u00a1\u00a1\u00a1\u00a1Y CUANDO AL SISTEMA YA NO  LO NECESIT\u00d3, POR QUE LES ESTORBABA, TIRARON A FELIPE GONZ\u00c1LEZ EN 1996!!!"},"content":{"rendered":"<p><b>Tras\u00a0el caso Filesa, los GAL, y 14 a\u00f1os de gobierno, con todo\u00a0lo que sab\u00eda, los poderes f\u00e1cticos\u00a0lo tiraron de mala manera en 1996. Aquella ma\u00f1ana, de 1997, en Guadalajara, Jalisco, a las 8 de la ma\u00f1ana, el autor desayunaba con Felipe Gonz\u00e1lez, para ultimar\u00a0una cita enetre \u00e9l y Cuauht\u00e9moc\u00a0C\u00e1rdenas que no se\u00a0conoc\u00edan. Agradecido, por que Felipe le respondiera en 5 minutos, antes de dar aquella Conferencia Magistral en la Biblioteca de la Universidad, con Garcia M\u00e1rquez\u00a0y Carlos Fuentes acompa\u00f1\u00e1ndolo,y lo invitase a desayunar horas m\u00e1s tarde, pero se notaba muy tenso al expresidente, quien ten\u00eda ganas\u00a0de desahogarse y Rafael le significaba su pasado socialista desde M\u00e9xico.<\/b><\/p>\n<p><b>En mis an\u00e1lisis sobre la labor de Felipe Gonz\u00e1lez, he dejado claro, mi agradecimiento\u00a0por su trato respetuoso y cordial en los 4 visitas que hice a MOncloa, para ayudar a M\u00e9xico y Espa\u00f1a, pero en el an\u00e1lisis de 2024, con 17 a\u00f1os de vivir con 11 euros diarios, feliz en Asturias, habiendo dejado el activismo de M\u00e9xico, de 67 a\u00f1os, surgen los personajes de la historia.<\/b><\/p>\n<p><b>Y me viene a la memoria, aquella frase de Felipe, mientras desayunamos aquellos\u00a0huevos\u00a0revueltos\u00a0a la\u00a0<\/b><b>mexicana, que desligado de Espa\u00f1a desde la muerte de Pura en 1990, desconoc\u00eda: SI CAIGO YO CAEN TODOS.<\/b><\/p>\n<p><strong>La misma frase de Pujol. \u00bf Que sab\u00edan los actores del 23 F y de los GAL, que pudieran tambalear el sistema?.<\/strong><\/p>\n<p><b>\u00bf Que el 23 F fue una maniobra de Juan Carlos I, tras aquel golpe\u00a0 dos a\u00f1os antes, en 1979, de su ruptura pactada\u00a0con Sofia, en Madrid, ante\u00a0la madre de ella: NUNCA ME DIVORCIARE, MORIRE SIENDO REINA\u00a0 PERO ESTE ES EL PRECIO, , para consolidarse ?<\/b><\/p>\n<p><strong>\u00bf Que los GAL no fueron una decisi\u00f3n de Gobierno, sino de Estado ?.<\/strong><\/p>\n<p><b>Por ello, para entender el hoy, es fundamental\u00a0entender\u00a0y saber que pas\u00f3 en Espa\u00f1a de 1978 hasta 2014, a\u00f1o en que los poderes f\u00e1cticos, hicieron abdicar a Juan Carlos I ?.<\/b><\/p>\n<p><b>Espa\u00f1a est\u00e1 pasan una etapa no resuelta\u00a0de su historia, entrampada entre el Neoliberalismo, sin atreverse a dar el salto\u00a0hacia el Federalismo y el r\u00e9gimen republicano, habiendo confirmado quee los Borbones actuales, padre, hijo y el resto de la familia, no son como loss 300 a\u00f1os de los Borbones de ninguna utilidad para el pa\u00eds.<\/b><\/p>\n<p><strong>Pero estamos entrampados&#8230;&#8230;.<\/strong><\/p>\n<p>&nbsp;<\/p>\n<!-- AddThis Advanced Settings generic via filter on the_content --><!-- AddThis Share Buttons generic via filter on the_content -->","protected":false},"excerpt":{"rendered":"<p>Tras\u00a0el caso Filesa, los GAL, y 14 a\u00f1os de gobierno, con todo\u00a0lo que sab\u00eda, los poderes f\u00e1cticos\u00a0lo tiraron de mala manera en 1996. Aquella ma\u00f1ana, de 1997, en Guadalajara, Jalisco, a las 8 de la ma\u00f1ana, el autor desayunaba con Felipe Gonz\u00e1lez, para ultimar\u00a0una cita enetre \u00e9l y Cuauht\u00e9moc\u00a0C\u00e1rdenas que no se\u00a0conoc\u00edan. Agradecido, por que [&hellip;]<!-- AddThis Advanced Settings generic via filter on get_the_excerpt --><!-- AddThis Share Buttons generic via filter on get_the_excerpt --><\/p>\n","protected":false},"author":16,"featured_media":0,"comment_status":"open","ping_status":"closed","sticky":false,"template":"","format":"standard","meta":[],"categories":[1],"tags":[],"_links":{"self":[{"href":"https:\/\/blogs.elcomercio.es\/reflexiones-de-belarmino\/wp-json\/wp\/v2\/posts\/38474"}],"collection":[{"href":"https:\/\/blogs.elcomercio.es\/reflexiones-de-belarmino\/wp-json\/wp\/v2\/posts"}],"about":[{"href":"https:\/\/blogs.elcomercio.es\/reflexiones-de-belarmino\/wp-json\/wp\/v2\/types\/post"}],"author":[{"embeddable":true,"href":"https:\/\/blogs.elcomercio.es\/reflexiones-de-belarmino\/wp-json\/wp\/v2\/users\/16"}],"replies":[{"embeddable":true,"href":"https:\/\/blogs.elcomercio.es\/reflexiones-de-belarmino\/wp-json\/wp\/v2\/comments?post=38474"}],"version-history":[{"count":2,"href":"https:\/\/blogs.elcomercio.es\/reflexiones-de-belarmino\/wp-json\/wp\/v2\/posts\/38474\/revisions"}],"predecessor-version":[{"id":38476,"href":"https:\/\/blogs.elcomercio.es\/reflexiones-de-belarmino\/wp-json\/wp\/v2\/posts\/38474\/revisions\/38476"}],"wp:attachment":[{"href":"https:\/\/blogs.elcomercio.es\/reflexiones-de-belarmino\/wp-json\/wp\/v2\/media?parent=38474"}],"wp:term":[{"taxonomy":"category","embeddable":true,"href":"https:\/\/blogs.elcomercio.es\/reflexiones-de-belarmino\/wp-json\/wp\/v2\/categories?post=38474"},{"taxonomy":"post_tag","embeddable":true,"href":"https:\/\/blogs.elcomercio.es\/reflexiones-de-belarmino\/wp-json\/wp\/v2\/tags?post=38474"}],"curies":[{"name":"wp","href":"https:\/\/api.w.org\/{rel}","templated":true}]}}