{"id":38479,"date":"2024-09-15T19:35:08","date_gmt":"2024-09-15T17:35:08","guid":{"rendered":"https:\/\/blogs.elcomercio.es\/reflexiones-de-belarmino\/?p=38479"},"modified":"2024-09-15T19:35:24","modified_gmt":"2024-09-15T17:35:24","slug":"la-sanidad-asturiana-adjudicara-6000-plazas-antes-de-fin-de-ano-historico-y-bienvenido","status":"publish","type":"post","link":"https:\/\/blogs.elcomercio.es\/reflexiones-de-belarmino\/2024\/09\/15\/la-sanidad-asturiana-adjudicara-6000-plazas-antes-de-fin-de-ano-historico-y-bienvenido\/","title":{"rendered":"\u00a1\u00a1\u00a1\u00a1LA SANIDAD ASTURIANA ADJUDICAR\u00c1N 6,000 PLAZAS ANTES DE FIN DE A\u00d1O. HIST\u00d3RICO Y BIENVENIDO !!!"},"content":{"rendered":"<p><b>Una gran noticia para el pueblo asturiano y para todos los que luchamos por la Sanidad P\u00fablica. ANTES DE FINALIZAR EL A\u00d1O SE ADJUDICAR\u00c1\u00a06,000 PLAZAS\u00a0 en nuestra regi\u00f3n.814 plazas de m\u00e9dico, 1,312 de enfermer\u00eda, 1,493 de auxiliares\u00a0de enfermer\u00eda, 740 celadores y540 administrativos. Ma\u00f1ana ser\u00e1 oficial en el Bolet\u00edn\u00a0Oficial del Estado<\/b><\/p>\n<!-- AddThis Advanced Settings generic via filter on the_content --><!-- AddThis Share Buttons generic via filter on the_content -->","protected":false},"excerpt":{"rendered":"<p>Una gran noticia para el pueblo asturiano y para todos los que luchamos por la Sanidad P\u00fablica. ANTES DE FINALIZAR EL A\u00d1O SE ADJUDICAR\u00c1\u00a06,000 PLAZAS\u00a0 en nuestra regi\u00f3n.814 plazas de m\u00e9dico, 1,312 de enfermer\u00eda, 1,493 de auxiliares\u00a0de enfermer\u00eda, 740 celadores y540 administrativos. Ma\u00f1ana ser\u00e1 oficial en el Bolet\u00edn\u00a0Oficial del Estado<!-- AddThis Advanced Settings generic via filter on get_the_excerpt --><!-- AddThis Share Buttons generic via filter on get_the_excerpt --><\/p>\n","protected":false},"author":16,"featured_media":0,"comment_status":"open","ping_status":"closed","sticky":false,"template":"","format":"standard","meta":[],"categories":[1],"tags":[],"_links":{"self":[{"href":"https:\/\/blogs.elcomercio.es\/reflexiones-de-belarmino\/wp-json\/wp\/v2\/posts\/38479"}],"collection":[{"href":"https:\/\/blogs.elcomercio.es\/reflexiones-de-belarmino\/wp-json\/wp\/v2\/posts"}],"about":[{"href":"https:\/\/blogs.elcomercio.es\/reflexiones-de-belarmino\/wp-json\/wp\/v2\/types\/post"}],"author":[{"embeddable":true,"href":"https:\/\/blogs.elcomercio.es\/reflexiones-de-belarmino\/wp-json\/wp\/v2\/users\/16"}],"replies":[{"embeddable":true,"href":"https:\/\/blogs.elcomercio.es\/reflexiones-de-belarmino\/wp-json\/wp\/v2\/comments?post=38479"}],"version-history":[{"count":2,"href":"https:\/\/blogs.elcomercio.es\/reflexiones-de-belarmino\/wp-json\/wp\/v2\/posts\/38479\/revisions"}],"predecessor-version":[{"id":38481,"href":"https:\/\/blogs.elcomercio.es\/reflexiones-de-belarmino\/wp-json\/wp\/v2\/posts\/38479\/revisions\/38481"}],"wp:attachment":[{"href":"https:\/\/blogs.elcomercio.es\/reflexiones-de-belarmino\/wp-json\/wp\/v2\/media?parent=38479"}],"wp:term":[{"taxonomy":"category","embeddable":true,"href":"https:\/\/blogs.elcomercio.es\/reflexiones-de-belarmino\/wp-json\/wp\/v2\/categories?post=38479"},{"taxonomy":"post_tag","embeddable":true,"href":"https:\/\/blogs.elcomercio.es\/reflexiones-de-belarmino\/wp-json\/wp\/v2\/tags?post=38479"}],"curies":[{"name":"wp","href":"https:\/\/api.w.org\/{rel}","templated":true}]}}