{"id":38594,"date":"2024-09-21T20:58:59","date_gmt":"2024-09-21T18:58:59","guid":{"rendered":"https:\/\/blogs.elcomercio.es\/reflexiones-de-belarmino\/?p=38594"},"modified":"2024-09-21T20:58:59","modified_gmt":"2024-09-21T18:58:59","slug":"de-radio-universidad-a-casa-de-los-taibo-sin-conocer-la-referencia-unica-de-galdos-en-el-cine-de-bunuel","status":"publish","type":"post","link":"https:\/\/blogs.elcomercio.es\/reflexiones-de-belarmino\/2024\/09\/21\/de-radio-universidad-a-casa-de-los-taibo-sin-conocer-la-referencia-unica-de-galdos-en-el-cine-de-bunuel\/","title":{"rendered":"\u00a1\u00a1\u00a1\u00a1\u00a1DE RADIO UNIVERSIDAD A CASA DE LOS TAIBO, SIN CONOCER LA REFERENCIA \u00daNICA DE GALD\u00d3S EN EL CINE DE BU\u00d1UEL !!!"},"content":{"rendered":"<p><b>Apenas conoc\u00edamos\u00a0la historia de Espa\u00f1a, ni conoc\u00edamos\u00a0la obra de Gald\u00f3s, de Blasco Ib\u00e1\u00f1ez, de Clar\u00edn,, m\u00e1s que por los festivales que a fin de a\u00f1o\u00a0 en el Colegio Madrid se\u00a0celebraba bajo la direcci\u00f3n del maestro\u00a0Marcial Rodr\u00edguez,en el Teatro Metropolitano, en el Palacio Chino, en ciudad de M\u00e9xico, donde la m\u00fasica, la tradici\u00f3n, los vestidos cl\u00e1sicos\u00a0de todos los\u00a0pueblos\u00a0de Espa\u00f1a, estuvieron a la vista de los hijos y nietos de los republicanos espa\u00f1oles y por todos los lunes cantar con el HImno Nacional Mexicano el Himno de Riego.<\/b><\/p>\n<p><b>Recuerdo, en Ciudad Universitaria, el d\u00eda que\u00a0conoc\u00ed a Max Aub\u00a0director de Radio Universidad,\u00a0 como\u00a0 me deleit\u00f3, sin saber que a\u00f1os m\u00e1s tarde en casa de los Taibo, a 500 metros de nuestra oficinas, del Partido Socialista de los Trabajadores,\u00a0 en la Calle\u00a0de Culiac\u00e1n, un d\u00eda conocimos, casi ciego a Luis Bu\u00f1uel, y ah\u00ed en M\u00e9xico nos maravillaron Nazar\u00edn, Tristana, Viridiana, el \u00c1ngel\u00a0Exterminador, el Dulce encanto de la burgues\u00eda\u00a0o el Perro Andaluz.<\/b><\/p>\n<p><b>Recordabamos de aquellas\u00a0conversaciones com Max Aub, lo que pensaba Bu\u00f1uel\u00a0de P\u00e9rez\u00a0Gald\u00f3s, SU \u00daNICA\u00a0REFERENCIA.,.<\/b><\/p>\n<p><b>En la gran biblioteca de mis padres,(10,000 vol\u00famenes) me asombraba\u00a0ver un libro en piel, en hojas papel cebolla con la obra de Garcia Lorca, y con aquellas casi 1,000 p\u00e1ginas\u00a0poco sab\u00eda\u00a0que hab\u00eda\u00a0muerto fusilado tan j\u00f3ven; recuerdo aquel Erasmo, tan visible pero no sabiamos que habia\u00a0escrito en\u00a0el Elogio a la Locura, la vida del canciller de Enrique VIII Tom\u00e1s Moro . Por supuesto ah\u00ed empec\u00e9 a saborear los Episodios Nacionales, pero la lucha social\u00a0 no me p\u00e8rmiti\u00f3 conocer m\u00e1s de la cultura espa\u00f1ola.El Cardenal Cisneros,las obras\u00a0completas de Aza\u00f1a\u00a0que mi padre devoraba a los 50 a\u00f1os, sin saber que 14 a\u00f1os despu\u00e9s viajar\u00eda a Suresnes y su vida y la de toda la familia cambiar\u00eda<\/b><\/p>\n<p><b>M\u00e9xico, esa gran tierra se present\u00f3 con toda su fuerza en nuestra vida a los\u00a028 a\u00f1os&#8230;.., en el Movimiento Estudiantil\u00a0Popular de donde surgieron todas las fuerzas nacionales que nos han hecho llegar a Claudia, quien dijo SOMOS LOS DEL 68&#8230;..<\/b><\/p>\n<p><b>A los 84, hay algo que es mi motor, APRENDER, APRENDER&#8230;.. Mi cerebro es, por fortuna, una esponja. Un ordenador en Wikipedia tiene a mi alcance todas las\u00a0bibliotecas del mundo, y puede uno pasar de la amistad de Clar\u00edn\u00a0con Gald\u00f3s, o de este con Pardo Baz\u00e1n o saborear las obras de Sorolla, o entender\u00a0la obra\u00a0 de Tolstoy\u00a0y como muri\u00f3\u00a0en aquella estaci\u00f3n de tren rusa en el mismo momento que Madero declaraba\u00a0el inicio de la Revoluci\u00f3n M\u00e9xicana,\u00a0 a 20,000 kil\u00f3metros\u00a0de distancia. aquel 20 de noviembre de 1910.<\/b><\/p>\n<p><b>Hace un momento, recordaba\u00a0al analizar\u00a0la vida Benito P\u00e9rez\u00a0Gald\u00f3s, lo que me hab\u00eda comentado max Aub en\u00a0 Ciudad Universitaria sobre Bu\u00f1uel y la admirador al hombre\u00a0Las Palmas que se enamor\u00f3 de Santander.<\/b><\/p>\n<!-- AddThis Advanced Settings generic via filter on the_content --><!-- AddThis Share Buttons generic via filter on the_content -->","protected":false},"excerpt":{"rendered":"<p>Apenas conoc\u00edamos\u00a0la historia de Espa\u00f1a, ni conoc\u00edamos\u00a0la obra de Gald\u00f3s, de Blasco Ib\u00e1\u00f1ez, de Clar\u00edn,, m\u00e1s que por los festivales que a fin de a\u00f1o\u00a0 en el Colegio Madrid se\u00a0celebraba bajo la direcci\u00f3n del maestro\u00a0Marcial Rodr\u00edguez,en el Teatro Metropolitano, en el Palacio Chino, en ciudad de M\u00e9xico, donde la m\u00fasica, la tradici\u00f3n, los vestidos cl\u00e1sicos\u00a0de [&hellip;]<!-- AddThis Advanced Settings generic via filter on get_the_excerpt --><!-- AddThis Share Buttons generic via filter on get_the_excerpt --><\/p>\n","protected":false},"author":16,"featured_media":0,"comment_status":"open","ping_status":"closed","sticky":false,"template":"","format":"standard","meta":[],"categories":[1],"tags":[],"_links":{"self":[{"href":"https:\/\/blogs.elcomercio.es\/reflexiones-de-belarmino\/wp-json\/wp\/v2\/posts\/38594"}],"collection":[{"href":"https:\/\/blogs.elcomercio.es\/reflexiones-de-belarmino\/wp-json\/wp\/v2\/posts"}],"about":[{"href":"https:\/\/blogs.elcomercio.es\/reflexiones-de-belarmino\/wp-json\/wp\/v2\/types\/post"}],"author":[{"embeddable":true,"href":"https:\/\/blogs.elcomercio.es\/reflexiones-de-belarmino\/wp-json\/wp\/v2\/users\/16"}],"replies":[{"embeddable":true,"href":"https:\/\/blogs.elcomercio.es\/reflexiones-de-belarmino\/wp-json\/wp\/v2\/comments?post=38594"}],"version-history":[{"count":3,"href":"https:\/\/blogs.elcomercio.es\/reflexiones-de-belarmino\/wp-json\/wp\/v2\/posts\/38594\/revisions"}],"predecessor-version":[{"id":38597,"href":"https:\/\/blogs.elcomercio.es\/reflexiones-de-belarmino\/wp-json\/wp\/v2\/posts\/38594\/revisions\/38597"}],"wp:attachment":[{"href":"https:\/\/blogs.elcomercio.es\/reflexiones-de-belarmino\/wp-json\/wp\/v2\/media?parent=38594"}],"wp:term":[{"taxonomy":"category","embeddable":true,"href":"https:\/\/blogs.elcomercio.es\/reflexiones-de-belarmino\/wp-json\/wp\/v2\/categories?post=38594"},{"taxonomy":"post_tag","embeddable":true,"href":"https:\/\/blogs.elcomercio.es\/reflexiones-de-belarmino\/wp-json\/wp\/v2\/tags?post=38594"}],"curies":[{"name":"wp","href":"https:\/\/api.w.org\/{rel}","templated":true}]}}