{"id":38717,"date":"2024-09-27T09:16:29","date_gmt":"2024-09-27T07:16:29","guid":{"rendered":"https:\/\/blogs.elcomercio.es\/reflexiones-de-belarmino\/?p=38717"},"modified":"2024-09-27T09:16:29","modified_gmt":"2024-09-27T07:16:29","slug":"feijoo-pide-a-las-empresas-espanolas-a-que-no-negocien-y-fortalezcan-a-maduro","status":"publish","type":"post","link":"https:\/\/blogs.elcomercio.es\/reflexiones-de-belarmino\/2024\/09\/27\/feijoo-pide-a-las-empresas-espanolas-a-que-no-negocien-y-fortalezcan-a-maduro\/","title":{"rendered":"\u00a1\u00a1\u00a1\u00a1\u00a1FEIJ\u00d3O PIDE A LAS EMPRESAS ESPA\u00d1OLAS A QUE NO NEGOCIEN Y FORTALEZCAN A MADURO !!"},"content":{"rendered":"<p><b>Mientras s\u00f3lo 8 paises reconocen a Eduardo Gonz\u00e1lez(Maduro tiene hasta el 10 de enero para\u00a0ense\u00f1ar las actas) toda la campa\u00f1a\u00a0de la oposici\u00f3n venezolana, requiere del apoyo de la derecha espa\u00f1ola,por que mientras Repsol y la mayor\u00eda de las empresas espa\u00f1olas\u00a0siguen negociando, por algo, con Maduro. Ayer ya tuvo que pedirlo el mismo Feij\u00f3o,ante la desesperaci\u00f3n\u00a0de la oposici\u00f3n venezolana que ven que se enfr\u00eda el asunto.<\/b><\/p>\n<!-- AddThis Advanced Settings generic via filter on the_content --><!-- AddThis Share Buttons generic via filter on the_content -->","protected":false},"excerpt":{"rendered":"<p>Mientras s\u00f3lo 8 paises reconocen a Eduardo Gonz\u00e1lez(Maduro tiene hasta el 10 de enero para\u00a0ense\u00f1ar las actas) toda la campa\u00f1a\u00a0de la oposici\u00f3n venezolana, requiere del apoyo de la derecha espa\u00f1ola,por que mientras Repsol y la mayor\u00eda de las empresas espa\u00f1olas\u00a0siguen negociando, por algo, con Maduro. Ayer ya tuvo que pedirlo el mismo Feij\u00f3o,ante la desesperaci\u00f3n\u00a0de [&hellip;]<!-- AddThis Advanced Settings generic via filter on get_the_excerpt --><!-- AddThis Share Buttons generic via filter on get_the_excerpt --><\/p>\n","protected":false},"author":16,"featured_media":0,"comment_status":"open","ping_status":"closed","sticky":false,"template":"","format":"standard","meta":[],"categories":[1],"tags":[],"_links":{"self":[{"href":"https:\/\/blogs.elcomercio.es\/reflexiones-de-belarmino\/wp-json\/wp\/v2\/posts\/38717"}],"collection":[{"href":"https:\/\/blogs.elcomercio.es\/reflexiones-de-belarmino\/wp-json\/wp\/v2\/posts"}],"about":[{"href":"https:\/\/blogs.elcomercio.es\/reflexiones-de-belarmino\/wp-json\/wp\/v2\/types\/post"}],"author":[{"embeddable":true,"href":"https:\/\/blogs.elcomercio.es\/reflexiones-de-belarmino\/wp-json\/wp\/v2\/users\/16"}],"replies":[{"embeddable":true,"href":"https:\/\/blogs.elcomercio.es\/reflexiones-de-belarmino\/wp-json\/wp\/v2\/comments?post=38717"}],"version-history":[{"count":1,"href":"https:\/\/blogs.elcomercio.es\/reflexiones-de-belarmino\/wp-json\/wp\/v2\/posts\/38717\/revisions"}],"predecessor-version":[{"id":38718,"href":"https:\/\/blogs.elcomercio.es\/reflexiones-de-belarmino\/wp-json\/wp\/v2\/posts\/38717\/revisions\/38718"}],"wp:attachment":[{"href":"https:\/\/blogs.elcomercio.es\/reflexiones-de-belarmino\/wp-json\/wp\/v2\/media?parent=38717"}],"wp:term":[{"taxonomy":"category","embeddable":true,"href":"https:\/\/blogs.elcomercio.es\/reflexiones-de-belarmino\/wp-json\/wp\/v2\/categories?post=38717"},{"taxonomy":"post_tag","embeddable":true,"href":"https:\/\/blogs.elcomercio.es\/reflexiones-de-belarmino\/wp-json\/wp\/v2\/tags?post=38717"}],"curies":[{"name":"wp","href":"https:\/\/api.w.org\/{rel}","templated":true}]}}