{"id":38719,"date":"2024-09-27T10:20:35","date_gmt":"2024-09-27T08:20:35","guid":{"rendered":"https:\/\/blogs.elcomercio.es\/reflexiones-de-belarmino\/?p=38719"},"modified":"2024-09-27T10:20:35","modified_gmt":"2024-09-27T08:20:35","slug":"biden-entrega-misiles-y-dolares-a-zelenski-putin-si-con-armas-de-la-otan-nos-atacan-nos-reservamos-las-nucleares","status":"publish","type":"post","link":"https:\/\/blogs.elcomercio.es\/reflexiones-de-belarmino\/2024\/09\/27\/biden-entrega-misiles-y-dolares-a-zelenski-putin-si-con-armas-de-la-otan-nos-atacan-nos-reservamos-las-nucleares\/","title":{"rendered":"\u00a1\u00a1\u00a1BIDEN ENTREGA MISILES Y D\u00d3LARES A ZELENSKI. PUTIN: &#8221; SI CON ARMAS DE LA OTAN NOS ATACAN NOS RESERVAMOS LAS NUCLEARES&#8221; !!!"},"content":{"rendered":"<p><b>Zelenski, en su viaje a Nueva York (ONU) fue a Washington, y en el despacho Oval de la Casa Blanca, Biden le di\u00f3 armas de largo alcance y 8,000 millones de d\u00f3lares.Alertado, d\u00edas antes, Vladimir Putin, dijo:&#8221; SI SE ATACA RUSIA CON ARMAS\u00a0DE LA OTAN, NOS RESERVAMOS\u00a0EL USO DE LAS ARMAS\u00a0NUCLEARES &#8220;.<\/b><\/p>\n<p><b>No olvidemos al misil intercontinental\u00a0 que China envi\u00f3\u00a0hace unos d\u00edas, por el Pac\u00edfico\u00a0capaz de llegar a los Estados Unidos.Tampoco la demostraci\u00f2n de fuerza del Corea del Norte de exhibir, por primera vez sus grandes almacenes de uranio enriquecido.<\/b><\/p>\n<p><strong>Todos esperan el resultado de las elecciones del 5 de noviembre en los Estados UNidos.<\/strong><\/p>\n<p><strong>\u00bf Israel?. &#8220;NI nos preocupa, eso lo arreglan ellos s\u00f3lo.&#8221;&#8230;dicen en el entorno de Biden.<\/strong><\/p>\n<!-- AddThis Advanced Settings generic via filter on the_content --><!-- AddThis Share Buttons generic via filter on the_content -->","protected":false},"excerpt":{"rendered":"<p>Zelenski, en su viaje a Nueva York (ONU) fue a Washington, y en el despacho Oval de la Casa Blanca, Biden le di\u00f3 armas de largo alcance y 8,000 millones de d\u00f3lares.Alertado, d\u00edas antes, Vladimir Putin, dijo:&#8221; SI SE ATACA RUSIA CON ARMAS\u00a0DE LA OTAN, NOS RESERVAMOS\u00a0EL USO DE LAS ARMAS\u00a0NUCLEARES &#8220;. No olvidemos al [&hellip;]<!-- AddThis Advanced Settings generic via filter on get_the_excerpt --><!-- AddThis Share Buttons generic via filter on get_the_excerpt --><\/p>\n","protected":false},"author":16,"featured_media":0,"comment_status":"open","ping_status":"closed","sticky":false,"template":"","format":"standard","meta":[],"categories":[1],"tags":[],"_links":{"self":[{"href":"https:\/\/blogs.elcomercio.es\/reflexiones-de-belarmino\/wp-json\/wp\/v2\/posts\/38719"}],"collection":[{"href":"https:\/\/blogs.elcomercio.es\/reflexiones-de-belarmino\/wp-json\/wp\/v2\/posts"}],"about":[{"href":"https:\/\/blogs.elcomercio.es\/reflexiones-de-belarmino\/wp-json\/wp\/v2\/types\/post"}],"author":[{"embeddable":true,"href":"https:\/\/blogs.elcomercio.es\/reflexiones-de-belarmino\/wp-json\/wp\/v2\/users\/16"}],"replies":[{"embeddable":true,"href":"https:\/\/blogs.elcomercio.es\/reflexiones-de-belarmino\/wp-json\/wp\/v2\/comments?post=38719"}],"version-history":[{"count":1,"href":"https:\/\/blogs.elcomercio.es\/reflexiones-de-belarmino\/wp-json\/wp\/v2\/posts\/38719\/revisions"}],"predecessor-version":[{"id":38720,"href":"https:\/\/blogs.elcomercio.es\/reflexiones-de-belarmino\/wp-json\/wp\/v2\/posts\/38719\/revisions\/38720"}],"wp:attachment":[{"href":"https:\/\/blogs.elcomercio.es\/reflexiones-de-belarmino\/wp-json\/wp\/v2\/media?parent=38719"}],"wp:term":[{"taxonomy":"category","embeddable":true,"href":"https:\/\/blogs.elcomercio.es\/reflexiones-de-belarmino\/wp-json\/wp\/v2\/categories?post=38719"},{"taxonomy":"post_tag","embeddable":true,"href":"https:\/\/blogs.elcomercio.es\/reflexiones-de-belarmino\/wp-json\/wp\/v2\/tags?post=38719"}],"curies":[{"name":"wp","href":"https:\/\/api.w.org\/{rel}","templated":true}]}}