{"id":38721,"date":"2024-09-27T10:36:25","date_gmt":"2024-09-27T08:36:25","guid":{"rendered":"https:\/\/blogs.elcomercio.es\/reflexiones-de-belarmino\/?p=38721"},"modified":"2024-09-27T10:36:25","modified_gmt":"2024-09-27T08:36:25","slug":"reiteramos-israel-va-con-todo-hasta-lograr-la-respuesta-de-iran-entonces-van-por-242-centro-nucleares-de-iran-acabado-ellos-diran-donde-van-los-2-estados","status":"publish","type":"post","link":"https:\/\/blogs.elcomercio.es\/reflexiones-de-belarmino\/2024\/09\/27\/reiteramos-israel-va-con-todo-hasta-lograr-la-respuesta-de-iran-entonces-van-por-242-centro-nucleares-de-iran-acabado-ellos-diran-donde-van-los-2-estados\/","title":{"rendered":"\u00a1\u00a1\u00a1\u00a1\u00a1REITERAMOS: ISRAEL VA CON TODO HASTA LOGRAR LA RESPUESTA DE IRAN. ENTONCES VAN POR 242 CENTRO NUCLEARES DE IR\u00c1N. ACABADO ELLOS DIR\u00c1N D\u00d3NDE VAN LOS 2 ESTADOS !!!"},"content":{"rendered":"<p><b>Netanyahu sigue con su estrategia. Para estar en paz y seguros, hay que acabar con el \u00fanico pa\u00eds que podr\u00eda tener la bomba: Ir\u00e1n. Una vez logrado esto, ellos tendr\u00edan su territorio completo y dir\u00e1n, como han dicho: &#8221; En Medio Oriente, entre los musulmanes hay mucha\u00a0tierra. Ubiquen all\u00ed a los palestinos.<\/b><\/p>\n<p><b>M\u00e9todo. Primero, dejar entrar a Hamas en octubre; con ese pretexto quedarse con Gaza y eliminar a 40,000 palestinos. Una vez logrado eso, tras Hezbollah(50,000 hombres), primero con el ataque de los tel\u00e9fonos, luego con todo, sacar del\u00a0sur y del este a 500,000 libaneses. Ahora vendr\u00e1n\u00a0los ataques\u00a0terrestres, hasta que para Ir\u00e1n sea inaceptable.<\/b><\/p>\n<p><b>Ese es el momento. En cuanto se mueva Ir\u00e1n, van con los norteamericanos por los 242 lugares donde tiene(o ten\u00edan) sus arsenales nucleares.Sin riesgo de la Bomba, due\u00f1os de la situaci\u00f3n se sentar\u00e1n a negociar. Para ellos, el territorio total del r\u00edo al mar es ISRAEL. Para los palestinos, con tanto espacio musulm\u00e1n, el Segundo Estado all\u00ed cabra PALESTINA.<\/b><\/p>\n<p>&nbsp;<\/p>\n<p>&nbsp;<\/p>\n<!-- AddThis Advanced Settings generic via filter on the_content --><!-- AddThis Share Buttons generic via filter on the_content -->","protected":false},"excerpt":{"rendered":"<p>Netanyahu sigue con su estrategia. Para estar en paz y seguros, hay que acabar con el \u00fanico pa\u00eds que podr\u00eda tener la bomba: Ir\u00e1n. Una vez logrado esto, ellos tendr\u00edan su territorio completo y dir\u00e1n, como han dicho: &#8221; En Medio Oriente, entre los musulmanes hay mucha\u00a0tierra. Ubiquen all\u00ed a los palestinos. M\u00e9todo. Primero, dejar [&hellip;]<!-- AddThis Advanced Settings generic via filter on get_the_excerpt --><!-- AddThis Share Buttons generic via filter on get_the_excerpt --><\/p>\n","protected":false},"author":16,"featured_media":0,"comment_status":"open","ping_status":"closed","sticky":false,"template":"","format":"standard","meta":[],"categories":[1],"tags":[],"_links":{"self":[{"href":"https:\/\/blogs.elcomercio.es\/reflexiones-de-belarmino\/wp-json\/wp\/v2\/posts\/38721"}],"collection":[{"href":"https:\/\/blogs.elcomercio.es\/reflexiones-de-belarmino\/wp-json\/wp\/v2\/posts"}],"about":[{"href":"https:\/\/blogs.elcomercio.es\/reflexiones-de-belarmino\/wp-json\/wp\/v2\/types\/post"}],"author":[{"embeddable":true,"href":"https:\/\/blogs.elcomercio.es\/reflexiones-de-belarmino\/wp-json\/wp\/v2\/users\/16"}],"replies":[{"embeddable":true,"href":"https:\/\/blogs.elcomercio.es\/reflexiones-de-belarmino\/wp-json\/wp\/v2\/comments?post=38721"}],"version-history":[{"count":1,"href":"https:\/\/blogs.elcomercio.es\/reflexiones-de-belarmino\/wp-json\/wp\/v2\/posts\/38721\/revisions"}],"predecessor-version":[{"id":38722,"href":"https:\/\/blogs.elcomercio.es\/reflexiones-de-belarmino\/wp-json\/wp\/v2\/posts\/38721\/revisions\/38722"}],"wp:attachment":[{"href":"https:\/\/blogs.elcomercio.es\/reflexiones-de-belarmino\/wp-json\/wp\/v2\/media?parent=38721"}],"wp:term":[{"taxonomy":"category","embeddable":true,"href":"https:\/\/blogs.elcomercio.es\/reflexiones-de-belarmino\/wp-json\/wp\/v2\/categories?post=38721"},{"taxonomy":"post_tag","embeddable":true,"href":"https:\/\/blogs.elcomercio.es\/reflexiones-de-belarmino\/wp-json\/wp\/v2\/tags?post=38721"}],"curies":[{"name":"wp","href":"https:\/\/api.w.org\/{rel}","templated":true}]}}