{"id":38736,"date":"2024-09-27T19:30:37","date_gmt":"2024-09-27T17:30:37","guid":{"rendered":"https:\/\/blogs.elcomercio.es\/reflexiones-de-belarmino\/?p=38736"},"modified":"2024-09-27T19:30:37","modified_gmt":"2024-09-27T17:30:37","slug":"barbon-con-sanchez-financiamiento-en-el-consejo-fiscal-y-financieroque-no-salaga-la-siderurgia-de-asturias-y-sin-soterramiento-la-variante-de-jove-no-nos-sirve","status":"publish","type":"post","link":"https:\/\/blogs.elcomercio.es\/reflexiones-de-belarmino\/2024\/09\/27\/barbon-con-sanchez-financiamiento-en-el-consejo-fiscal-y-financieroque-no-salaga-la-siderurgia-de-asturias-y-sin-soterramiento-la-variante-de-jove-no-nos-sirve\/","title":{"rendered":"\u00a1\u00a1\u00a1\u00a1BARBON CON SANCHEZ: &#8221; FINANCIAMIENTO EN EL CONSEJO FISCAL Y FINANCIERO&#8221;&#8221;QUE NO SALAGA LA SIDERURGIA DE ASTURIAS Y SIN SOTERRAMIENTO LA VARIANTE DE JOVE NO NOS SIRVE &#8220;!!!"},"content":{"rendered":"<p><b>Hoy en la tarde Adri\u00e1n\u00a0Barb\u00f3n se reuni\u00f3 con el presidente\u00a0S\u00e1nchez en la Moncloa, dentro de las entrevistas con S\u00e1nchez\u00a0de todos los presidentes auton\u00f3micos.<\/b><\/p>\n<p><b>Present\u00f3 un documento de trabajo para los 3 pr\u00f3ximos\u00a0a\u00f1os(atenci\u00f3n, reafirmamos\u00a0que Adriana va al gobierno en Madrid), y luego se hablaron de 5 temas, donde destaca QUE LA SIDERURGIA SE QUEDE EN ASTURIAS( con o sin Arcelor, como dijo el ministro). El AVE tiene una ocupaci\u00f2n del 94 % y coment\u00f3 como hace a\u00f1os, el PP dec\u00eda\u00a0que quien\u00a0iba a inaugurar la variante\u00a0y el AVE iban a ser el presidente del PP y el del PP en Asturias..<\/b><\/p>\n<p><b>La variante y el AVE lo llev\u00f3 un presidente nacional del PSOE y lo recibi\u00f3\u00a0un\u00a0<\/b><b>presidente asturiano del PSOE..<\/b><\/p>\n<p><b>La politica fiscal deber\u00e1\u00a0dijo Barbon, discutirse, no en la reuni\u00f3n de los Presidentes(Cantabria\u00a0en diciembre) sino en el Consejo Fiscal y de Financiaci\u00f3n.<\/b><\/p>\n<p><strong>Y finalmente le dijo. Estoy con los vecinos de Gij\u00f3n: LA VIAL DE JOVE, SIN SOTERRAMIENTO NO NOS SIRVE.<\/strong><\/p>\n<p><b>Sanchez terminar\u00e1 la Legislatura, Barb\u00f3n sera reelecto y Adriana formar\u00e1 parte del Gobierno de la Naci\u00f3n, siendo, desde Zapatero\u00a0 la primera MINISTRA ASTURIANA( Estas percepciones son del autor)<\/b><\/p>\n<p>&nbsp;<\/p>\n<!-- AddThis Advanced Settings generic via filter on the_content --><!-- AddThis Share Buttons generic via filter on the_content -->","protected":false},"excerpt":{"rendered":"<p>Hoy en la tarde Adri\u00e1n\u00a0Barb\u00f3n se reuni\u00f3 con el presidente\u00a0S\u00e1nchez en la Moncloa, dentro de las entrevistas con S\u00e1nchez\u00a0de todos los presidentes auton\u00f3micos. Present\u00f3 un documento de trabajo para los 3 pr\u00f3ximos\u00a0a\u00f1os(atenci\u00f3n, reafirmamos\u00a0que Adriana va al gobierno en Madrid), y luego se hablaron de 5 temas, donde destaca QUE LA SIDERURGIA SE QUEDE EN ASTURIAS( [&hellip;]<!-- AddThis Advanced Settings generic via filter on get_the_excerpt --><!-- AddThis Share Buttons generic via filter on get_the_excerpt --><\/p>\n","protected":false},"author":16,"featured_media":0,"comment_status":"open","ping_status":"closed","sticky":false,"template":"","format":"standard","meta":[],"categories":[1],"tags":[],"_links":{"self":[{"href":"https:\/\/blogs.elcomercio.es\/reflexiones-de-belarmino\/wp-json\/wp\/v2\/posts\/38736"}],"collection":[{"href":"https:\/\/blogs.elcomercio.es\/reflexiones-de-belarmino\/wp-json\/wp\/v2\/posts"}],"about":[{"href":"https:\/\/blogs.elcomercio.es\/reflexiones-de-belarmino\/wp-json\/wp\/v2\/types\/post"}],"author":[{"embeddable":true,"href":"https:\/\/blogs.elcomercio.es\/reflexiones-de-belarmino\/wp-json\/wp\/v2\/users\/16"}],"replies":[{"embeddable":true,"href":"https:\/\/blogs.elcomercio.es\/reflexiones-de-belarmino\/wp-json\/wp\/v2\/comments?post=38736"}],"version-history":[{"count":1,"href":"https:\/\/blogs.elcomercio.es\/reflexiones-de-belarmino\/wp-json\/wp\/v2\/posts\/38736\/revisions"}],"predecessor-version":[{"id":38737,"href":"https:\/\/blogs.elcomercio.es\/reflexiones-de-belarmino\/wp-json\/wp\/v2\/posts\/38736\/revisions\/38737"}],"wp:attachment":[{"href":"https:\/\/blogs.elcomercio.es\/reflexiones-de-belarmino\/wp-json\/wp\/v2\/media?parent=38736"}],"wp:term":[{"taxonomy":"category","embeddable":true,"href":"https:\/\/blogs.elcomercio.es\/reflexiones-de-belarmino\/wp-json\/wp\/v2\/categories?post=38736"},{"taxonomy":"post_tag","embeddable":true,"href":"https:\/\/blogs.elcomercio.es\/reflexiones-de-belarmino\/wp-json\/wp\/v2\/tags?post=38736"}],"curies":[{"name":"wp","href":"https:\/\/api.w.org\/{rel}","templated":true}]}}