{"id":38779,"date":"2024-09-30T15:40:41","date_gmt":"2024-09-30T13:40:41","guid":{"rendered":"https:\/\/blogs.elcomercio.es\/reflexiones-de-belarmino\/?p=38779"},"modified":"2024-09-30T15:40:41","modified_gmt":"2024-09-30T13:40:41","slug":"reforma-judicial-elimina-practicas-que-distanciaron-al-poder-judicial-del-pueblo","status":"publish","type":"post","link":"https:\/\/blogs.elcomercio.es\/reflexiones-de-belarmino\/2024\/09\/30\/reforma-judicial-elimina-practicas-que-distanciaron-al-poder-judicial-del-pueblo\/","title":{"rendered":"\u00a1\u00a1\u00a1\u00a1 REFORMA JUDICIAL ELIMINA PR\u00c1CTICAS QUE DISTANCIARON AL PODER JUDICIAL DEL PUEBLO !!"},"content":{"rendered":"<p><b>La consejera Celia Maya dijo ayer que &#8220;desde el Congreso Constituyente de Quer\u00e9taro&#8221; (febrero de 1917), no se habia propuesto una modificaci\u00f3n del sistema\u00a0de justicia en M\u00e9xico de la dimensi\u00f3n y alcance de la reci\u00e9n\u00a0aprobada Reforma Judicial.<\/b><\/p>\n<p><strong>(Aprobada y en manos del Instituto Judicial Electoral, se trabaja ya para que en 2025, en junio, se elijan los primeros 849 jueces nuevos, principio del proceso para democratizar la elecci\u00f3n de los 7,000 jueces que tiene el pa\u00eds ).<\/strong><\/p>\n<p><strong>Lo que logr\u00f3 Benito Ju\u00e1rez en 1857, lo ha logrado el presidente Andr\u00e9s Manuel L\u00f3pez Obrador en 2018.<\/strong><\/p>\n<p><b>Por las calles, los 31,100 familiares &#8221; enchufados\u00a0por los jueces actuales&#8221;, desesperados por perder los privilegios de toda la vida, lograron ayer que uno de ellos se colase en el elevador donde iba L\u00f3pez Obrador y Claudia Sheinbaum, donde no\u00a0 hubo incidentes.<\/b><\/p>\n<!-- AddThis Advanced Settings generic via filter on the_content --><!-- AddThis Share Buttons generic via filter on the_content -->","protected":false},"excerpt":{"rendered":"<p>La consejera Celia Maya dijo ayer que &#8220;desde el Congreso Constituyente de Quer\u00e9taro&#8221; (febrero de 1917), no se habia propuesto una modificaci\u00f3n del sistema\u00a0de justicia en M\u00e9xico de la dimensi\u00f3n y alcance de la reci\u00e9n\u00a0aprobada Reforma Judicial. (Aprobada y en manos del Instituto Judicial Electoral, se trabaja ya para que en 2025, en junio, se [&hellip;]<!-- AddThis Advanced Settings generic via filter on get_the_excerpt --><!-- AddThis Share Buttons generic via filter on get_the_excerpt --><\/p>\n","protected":false},"author":16,"featured_media":0,"comment_status":"open","ping_status":"closed","sticky":false,"template":"","format":"standard","meta":[],"categories":[1],"tags":[],"_links":{"self":[{"href":"https:\/\/blogs.elcomercio.es\/reflexiones-de-belarmino\/wp-json\/wp\/v2\/posts\/38779"}],"collection":[{"href":"https:\/\/blogs.elcomercio.es\/reflexiones-de-belarmino\/wp-json\/wp\/v2\/posts"}],"about":[{"href":"https:\/\/blogs.elcomercio.es\/reflexiones-de-belarmino\/wp-json\/wp\/v2\/types\/post"}],"author":[{"embeddable":true,"href":"https:\/\/blogs.elcomercio.es\/reflexiones-de-belarmino\/wp-json\/wp\/v2\/users\/16"}],"replies":[{"embeddable":true,"href":"https:\/\/blogs.elcomercio.es\/reflexiones-de-belarmino\/wp-json\/wp\/v2\/comments?post=38779"}],"version-history":[{"count":1,"href":"https:\/\/blogs.elcomercio.es\/reflexiones-de-belarmino\/wp-json\/wp\/v2\/posts\/38779\/revisions"}],"predecessor-version":[{"id":38780,"href":"https:\/\/blogs.elcomercio.es\/reflexiones-de-belarmino\/wp-json\/wp\/v2\/posts\/38779\/revisions\/38780"}],"wp:attachment":[{"href":"https:\/\/blogs.elcomercio.es\/reflexiones-de-belarmino\/wp-json\/wp\/v2\/media?parent=38779"}],"wp:term":[{"taxonomy":"category","embeddable":true,"href":"https:\/\/blogs.elcomercio.es\/reflexiones-de-belarmino\/wp-json\/wp\/v2\/categories?post=38779"},{"taxonomy":"post_tag","embeddable":true,"href":"https:\/\/blogs.elcomercio.es\/reflexiones-de-belarmino\/wp-json\/wp\/v2\/tags?post=38779"}],"curies":[{"name":"wp","href":"https:\/\/api.w.org\/{rel}","templated":true}]}}