{"id":38784,"date":"2024-09-30T16:38:52","date_gmt":"2024-09-30T14:38:52","guid":{"rendered":"https:\/\/blogs.elcomercio.es\/reflexiones-de-belarmino\/?p=38784"},"modified":"2024-09-30T16:38:52","modified_gmt":"2024-09-30T14:38:52","slug":"en-san-mateo-ante-el-modelo-privatizador-del-alcalde-los-jovenes-tomaron-por-asalto-el-parque-purificacion-tomas","status":"publish","type":"post","link":"https:\/\/blogs.elcomercio.es\/reflexiones-de-belarmino\/2024\/09\/30\/en-san-mateo-ante-el-modelo-privatizador-del-alcalde-los-jovenes-tomaron-por-asalto-el-parque-purificacion-tomas\/","title":{"rendered":"\u00a1\u00a1\u00a1\u00a1EN SAN MATEO, ANTE EL MODELO PRIVATIZADOR DEL ALCALDE, LOS J\u00d3VENES TOMARON POR ASALTO EL PARQUE PURIFICACI\u00d3N TOM\u00c1S !!!!"},"content":{"rendered":"<p><b>El alcalde de Oviedo, Cantelli, di\u00f3 un giro a las Fiestas de San Mateo populares de siempre, se las entreg\u00f3 a las empresas privadas, ante el descontento de miles y miles para quienes su &#8220;changarrito&#8221; eran la base desde siempre.<\/b><\/p>\n<p><b>En las afueras, los j\u00f3venes\u00a0de entre 16 y 25 a\u00f1os, tomaron por asalto el Parque Purificaci\u00f3n Tom\u00e1s, donde a su aire, con las bolsas donde hab\u00edan comprado la comida y la bebida gozaron de esas fiestas a su aire, en libertad y sin coste, como hab\u00eda\u00a0sido la idea de la concejal Purificaci\u00f3n Tom\u00e1s, hija de Belarmino, que luch\u00f3 siempre por ello, y que al morir en 1990, el Ayuntamiento dirigido por Antonio Masip\u00a0le dieron su nombre.All\u00ed se escuch\u00f3\u00a0el ASTURIAS SI YO PUDIERA( 1974, el poema del extreme\u00f1o Pedro Garfias fue le\u00eddo\u00a0en el Restaurante el Horreo, en donde una docenas de socialistas rendimos\u00a0un homenaje a Victor Manuel y Ana Bel\u00e9n, y Urcesino, ante\u00a0la emoci\u00f3n\u00a0de V\u00edctor, se lo regal\u00f3, cuando el le pidi\u00f3 ponerle la letra. Esa es la historia(Pedro Garfias descansa en el cementerio de Monterrey, Nuevo Le\u00f3n)<\/b><\/p>\n<p><a href=\"https:\/\/static-blogs.elcomercio.es\/wp-content\/uploads\/sites\/15\/2018\/09\/16.jpg\"><img loading=\"lazy\" class=\"alignnone size-large wp-image-5507\" src=\"https:\/\/static-blogs.elcomercio.es\/wp-content\/uploads\/sites\/15\/2018\/09\/16-850x1024.jpg\" alt=\"\" width=\"850\" height=\"1024\" srcset=\"https:\/\/static-blogs.elcomercio.es\/wp-content\/uploads\/sites\/15\/2018\/09\/16-850x1024.jpg 850w, https:\/\/static-blogs.elcomercio.es\/wp-content\/uploads\/sites\/15\/2018\/09\/16-249x300.jpg 249w, https:\/\/static-blogs.elcomercio.es\/wp-content\/uploads\/sites\/15\/2018\/09\/16-768x926.jpg 768w, https:\/\/static-blogs.elcomercio.es\/wp-content\/uploads\/sites\/15\/2018\/09\/16.jpg 1125w\" sizes=\"(max-width: 850px) 100vw, 850px\" \/><\/a><\/p>\n<p><strong>Su gran ilusi\u00f3n que aquel verde que pis\u00f3 por primera vez en 1931, en el Campo Escuela, donde se conocieron ella y Rafael, privado, una parte de comprase para que gozaran de \u00e9l\u00a0 los paisanos, sus hijos, y los emigrantes, como ha sucedido.<\/strong><\/p>\n<p><a href=\"https:\/\/static-blogs.elcomercio.es\/wp-content\/uploads\/sites\/15\/2018\/09\/1931-campo-escuela.jpg\"><img loading=\"lazy\" class=\"alignnone size-large wp-image-5478\" src=\"https:\/\/static-blogs.elcomercio.es\/wp-content\/uploads\/sites\/15\/2018\/09\/1931-campo-escuela-799x1024.jpg\" alt=\"\" width=\"799\" height=\"1024\" srcset=\"https:\/\/static-blogs.elcomercio.es\/wp-content\/uploads\/sites\/15\/2018\/09\/1931-campo-escuela-799x1024.jpg 799w, https:\/\/static-blogs.elcomercio.es\/wp-content\/uploads\/sites\/15\/2018\/09\/1931-campo-escuela-234x300.jpg 234w, https:\/\/static-blogs.elcomercio.es\/wp-content\/uploads\/sites\/15\/2018\/09\/1931-campo-escuela-768x984.jpg 768w, https:\/\/static-blogs.elcomercio.es\/wp-content\/uploads\/sites\/15\/2018\/09\/1931-campo-escuela.jpg 1359w\" sizes=\"(max-width: 799px) 100vw, 799px\" \/><\/a><\/p>\n<p><strong>En la foto siguiente, as\u00ed despidi\u00f3 Asturias\u00a0 a Pura, en el Cementerio de El Salvador, donde descansa en paz\u00a0 con Rafael y con su hijo querido Victor Manuel<\/strong><\/p>\n<p><a href=\"https:\/\/static-blogs.elcomercio.es\/wp-content\/uploads\/sites\/15\/2018\/09\/15.jpg\"><img loading=\"lazy\" class=\"alignnone size-large wp-image-5506\" src=\"https:\/\/static-blogs.elcomercio.es\/wp-content\/uploads\/sites\/15\/2018\/09\/15-1024x671.jpg\" alt=\"\" width=\"1024\" height=\"671\" srcset=\"https:\/\/static-blogs.elcomercio.es\/wp-content\/uploads\/sites\/15\/2018\/09\/15-1024x671.jpg 1024w, https:\/\/static-blogs.elcomercio.es\/wp-content\/uploads\/sites\/15\/2018\/09\/15-300x197.jpg 300w, https:\/\/static-blogs.elcomercio.es\/wp-content\/uploads\/sites\/15\/2018\/09\/15-768x503.jpg 768w, https:\/\/static-blogs.elcomercio.es\/wp-content\/uploads\/sites\/15\/2018\/09\/15.jpg 1077w\" sizes=\"(max-width: 1024px) 100vw, 1024px\" \/><\/a><\/p>\n<!-- AddThis Advanced Settings generic via filter on the_content --><!-- AddThis Share Buttons generic via filter on the_content -->","protected":false},"excerpt":{"rendered":"<p>El alcalde de Oviedo, Cantelli, di\u00f3 un giro a las Fiestas de San Mateo populares de siempre, se las entreg\u00f3 a las empresas privadas, ante el descontento de miles y miles para quienes su &#8220;changarrito&#8221; eran la base desde siempre. En las afueras, los j\u00f3venes\u00a0de entre 16 y 25 a\u00f1os, tomaron por asalto el Parque [&hellip;]<!-- AddThis Advanced Settings generic via filter on get_the_excerpt --><!-- AddThis Share Buttons generic via filter on get_the_excerpt --><\/p>\n","protected":false},"author":16,"featured_media":0,"comment_status":"open","ping_status":"closed","sticky":false,"template":"","format":"standard","meta":[],"categories":[1],"tags":[],"_links":{"self":[{"href":"https:\/\/blogs.elcomercio.es\/reflexiones-de-belarmino\/wp-json\/wp\/v2\/posts\/38784"}],"collection":[{"href":"https:\/\/blogs.elcomercio.es\/reflexiones-de-belarmino\/wp-json\/wp\/v2\/posts"}],"about":[{"href":"https:\/\/blogs.elcomercio.es\/reflexiones-de-belarmino\/wp-json\/wp\/v2\/types\/post"}],"author":[{"embeddable":true,"href":"https:\/\/blogs.elcomercio.es\/reflexiones-de-belarmino\/wp-json\/wp\/v2\/users\/16"}],"replies":[{"embeddable":true,"href":"https:\/\/blogs.elcomercio.es\/reflexiones-de-belarmino\/wp-json\/wp\/v2\/comments?post=38784"}],"version-history":[{"count":3,"href":"https:\/\/blogs.elcomercio.es\/reflexiones-de-belarmino\/wp-json\/wp\/v2\/posts\/38784\/revisions"}],"predecessor-version":[{"id":38787,"href":"https:\/\/blogs.elcomercio.es\/reflexiones-de-belarmino\/wp-json\/wp\/v2\/posts\/38784\/revisions\/38787"}],"wp:attachment":[{"href":"https:\/\/blogs.elcomercio.es\/reflexiones-de-belarmino\/wp-json\/wp\/v2\/media?parent=38784"}],"wp:term":[{"taxonomy":"category","embeddable":true,"href":"https:\/\/blogs.elcomercio.es\/reflexiones-de-belarmino\/wp-json\/wp\/v2\/categories?post=38784"},{"taxonomy":"post_tag","embeddable":true,"href":"https:\/\/blogs.elcomercio.es\/reflexiones-de-belarmino\/wp-json\/wp\/v2\/tags?post=38784"}],"curies":[{"name":"wp","href":"https:\/\/api.w.org\/{rel}","templated":true}]}}