{"id":38978,"date":"2024-10-06T11:23:34","date_gmt":"2024-10-06T09:23:34","guid":{"rendered":"https:\/\/blogs.elcomercio.es\/reflexiones-de-belarmino\/?p=38978"},"modified":"2024-10-06T11:23:34","modified_gmt":"2024-10-06T09:23:34","slug":"elon-musk-si-pierde-trump-se-acaba-la-democracia-en-ee-uu","status":"publish","type":"post","link":"https:\/\/blogs.elcomercio.es\/reflexiones-de-belarmino\/2024\/10\/06\/elon-musk-si-pierde-trump-se-acaba-la-democracia-en-ee-uu\/","title":{"rendered":"\u00a1\u00a1\u00a1\u00a1\u00a1ELON MUSK : &#8221; SI PIERDE TRUMP SE ACABA LA DEMOCRACIA EN EE.UU &#8220;!!!"},"content":{"rendered":"<p><b>Este personaje es tan poderoso que, adem\u00e1s de ser el m\u00e1s rico del mundo, tiene 10,000 sat\u00e9lites\u00a0suyos\u00a0alrededor de la tierra, teniendo la informaci\u00f3n\u00a0 que le sirve a Israel para ser tan precisos en sus ataques contras los\u00a0palestinos, amigo de Netanyahu, de Milei y por supuesto de Trump, ayer en un acto con \u00e9l, dijo: &#8220;SI PIERDE TRUMP SE ACABA LA DEMOCRACIA &#8220;<\/b><\/p>\n<!-- AddThis Advanced Settings generic via filter on the_content --><!-- AddThis Share Buttons generic via filter on the_content -->","protected":false},"excerpt":{"rendered":"<p>Este personaje es tan poderoso que, adem\u00e1s de ser el m\u00e1s rico del mundo, tiene 10,000 sat\u00e9lites\u00a0suyos\u00a0alrededor de la tierra, teniendo la informaci\u00f3n\u00a0 que le sirve a Israel para ser tan precisos en sus ataques contras los\u00a0palestinos, amigo de Netanyahu, de Milei y por supuesto de Trump, ayer en un acto con \u00e9l, dijo: &#8220;SI [&hellip;]<!-- AddThis Advanced Settings generic via filter on get_the_excerpt --><!-- AddThis Share Buttons generic via filter on get_the_excerpt --><\/p>\n","protected":false},"author":16,"featured_media":0,"comment_status":"open","ping_status":"closed","sticky":false,"template":"","format":"standard","meta":[],"categories":[1],"tags":[],"_links":{"self":[{"href":"https:\/\/blogs.elcomercio.es\/reflexiones-de-belarmino\/wp-json\/wp\/v2\/posts\/38978"}],"collection":[{"href":"https:\/\/blogs.elcomercio.es\/reflexiones-de-belarmino\/wp-json\/wp\/v2\/posts"}],"about":[{"href":"https:\/\/blogs.elcomercio.es\/reflexiones-de-belarmino\/wp-json\/wp\/v2\/types\/post"}],"author":[{"embeddable":true,"href":"https:\/\/blogs.elcomercio.es\/reflexiones-de-belarmino\/wp-json\/wp\/v2\/users\/16"}],"replies":[{"embeddable":true,"href":"https:\/\/blogs.elcomercio.es\/reflexiones-de-belarmino\/wp-json\/wp\/v2\/comments?post=38978"}],"version-history":[{"count":1,"href":"https:\/\/blogs.elcomercio.es\/reflexiones-de-belarmino\/wp-json\/wp\/v2\/posts\/38978\/revisions"}],"predecessor-version":[{"id":38979,"href":"https:\/\/blogs.elcomercio.es\/reflexiones-de-belarmino\/wp-json\/wp\/v2\/posts\/38978\/revisions\/38979"}],"wp:attachment":[{"href":"https:\/\/blogs.elcomercio.es\/reflexiones-de-belarmino\/wp-json\/wp\/v2\/media?parent=38978"}],"wp:term":[{"taxonomy":"category","embeddable":true,"href":"https:\/\/blogs.elcomercio.es\/reflexiones-de-belarmino\/wp-json\/wp\/v2\/categories?post=38978"},{"taxonomy":"post_tag","embeddable":true,"href":"https:\/\/blogs.elcomercio.es\/reflexiones-de-belarmino\/wp-json\/wp\/v2\/tags?post=38978"}],"curies":[{"name":"wp","href":"https:\/\/api.w.org\/{rel}","templated":true}]}}