{"id":38980,"date":"2024-10-06T12:01:19","date_gmt":"2024-10-06T10:01:19","guid":{"rendered":"https:\/\/blogs.elcomercio.es\/reflexiones-de-belarmino\/?p=38980"},"modified":"2024-10-06T12:01:19","modified_gmt":"2024-10-06T10:01:19","slug":"contra-la-razon-y-por-la-fuerza-israel-ha-decidido-marcar-las-nuevas-fronteras-de-oriente-proximo","status":"publish","type":"post","link":"https:\/\/blogs.elcomercio.es\/reflexiones-de-belarmino\/2024\/10\/06\/contra-la-razon-y-por-la-fuerza-israel-ha-decidido-marcar-las-nuevas-fronteras-de-oriente-proximo\/","title":{"rendered":"\u00a1\u00a1\u00a1\u00a1CONTRA LA RAZ\u00d3N Y POR LA FUERZA, ISRAEL HA DECIDIDO MARCAR LAS NUEVAS FRONTERAS DE ORIENTE PR\u00d3XIMO !!!"},"content":{"rendered":"<p><b>No estamos en la \u00e9poca de la Cruzadas, ni siquiera durante la II Guerra Mundial, en 2024 existen las bombas at\u00f3micas.Pese a ello, Israel ha decidido CONTRA LA RAZ\u00d3N\u00a0Y POR LA FUERZA\u00a0 trazar el mapa\u00a0 de Oriente pr\u00f3ximo, caiga quien caiga.<\/b><\/p>\n<p><b>Podr\u00e1\u00a0ganar la guerra, pero nunca\u00a0la paz que le permita unas fronteras seguras donde disfrutar la construcci\u00f3n del tercer\u00a0Templo de Salom\u00f3n, en la explanada de las Mezquitas de Al Aqsa\u00a0 en Jerusal\u00e9n\u00a0para que, por fin , llegue el Mes\u00edas, que en el Antiguo Testamento, durante 1,000 a\u00f1os tras todas las profec\u00edas, la \u00faltima en &lt; 500 la de Isaac, transmiten\u00a0generaci\u00f3n tras generaci\u00f3n para confirmar\u00a0que son el pueblo elegido de\u00a0Dios.<\/b><\/p>\n<!-- AddThis Advanced Settings generic via filter on the_content --><!-- AddThis Share Buttons generic via filter on the_content -->","protected":false},"excerpt":{"rendered":"<p>No estamos en la \u00e9poca de la Cruzadas, ni siquiera durante la II Guerra Mundial, en 2024 existen las bombas at\u00f3micas.Pese a ello, Israel ha decidido CONTRA LA RAZ\u00d3N\u00a0Y POR LA FUERZA\u00a0 trazar el mapa\u00a0 de Oriente pr\u00f3ximo, caiga quien caiga. Podr\u00e1\u00a0ganar la guerra, pero nunca\u00a0la paz que le permita unas fronteras seguras donde disfrutar [&hellip;]<!-- AddThis Advanced Settings generic via filter on get_the_excerpt --><!-- AddThis Share Buttons generic via filter on get_the_excerpt --><\/p>\n","protected":false},"author":16,"featured_media":0,"comment_status":"open","ping_status":"closed","sticky":false,"template":"","format":"standard","meta":[],"categories":[1],"tags":[],"_links":{"self":[{"href":"https:\/\/blogs.elcomercio.es\/reflexiones-de-belarmino\/wp-json\/wp\/v2\/posts\/38980"}],"collection":[{"href":"https:\/\/blogs.elcomercio.es\/reflexiones-de-belarmino\/wp-json\/wp\/v2\/posts"}],"about":[{"href":"https:\/\/blogs.elcomercio.es\/reflexiones-de-belarmino\/wp-json\/wp\/v2\/types\/post"}],"author":[{"embeddable":true,"href":"https:\/\/blogs.elcomercio.es\/reflexiones-de-belarmino\/wp-json\/wp\/v2\/users\/16"}],"replies":[{"embeddable":true,"href":"https:\/\/blogs.elcomercio.es\/reflexiones-de-belarmino\/wp-json\/wp\/v2\/comments?post=38980"}],"version-history":[{"count":3,"href":"https:\/\/blogs.elcomercio.es\/reflexiones-de-belarmino\/wp-json\/wp\/v2\/posts\/38980\/revisions"}],"predecessor-version":[{"id":38983,"href":"https:\/\/blogs.elcomercio.es\/reflexiones-de-belarmino\/wp-json\/wp\/v2\/posts\/38980\/revisions\/38983"}],"wp:attachment":[{"href":"https:\/\/blogs.elcomercio.es\/reflexiones-de-belarmino\/wp-json\/wp\/v2\/media?parent=38980"}],"wp:term":[{"taxonomy":"category","embeddable":true,"href":"https:\/\/blogs.elcomercio.es\/reflexiones-de-belarmino\/wp-json\/wp\/v2\/categories?post=38980"},{"taxonomy":"post_tag","embeddable":true,"href":"https:\/\/blogs.elcomercio.es\/reflexiones-de-belarmino\/wp-json\/wp\/v2\/tags?post=38980"}],"curies":[{"name":"wp","href":"https:\/\/api.w.org\/{rel}","templated":true}]}}