{"id":38984,"date":"2024-10-06T12:23:31","date_gmt":"2024-10-06T10:23:31","guid":{"rendered":"https:\/\/blogs.elcomercio.es\/reflexiones-de-belarmino\/?p=38984"},"modified":"2024-10-06T12:23:31","modified_gmt":"2024-10-06T10:23:31","slug":"tensiones-en-el-partido-tensiones-con-socios-y-el-impedimento-de-hacer-otra-cumbre-en-madrid-problemas-de-pedro-sanchez","status":"publish","type":"post","link":"https:\/\/blogs.elcomercio.es\/reflexiones-de-belarmino\/2024\/10\/06\/tensiones-en-el-partido-tensiones-con-socios-y-el-impedimento-de-hacer-otra-cumbre-en-madrid-problemas-de-pedro-sanchez\/","title":{"rendered":"\u00a1\u00a1\u00a1\u00a1TENSIONES EN EL PARTIDO, TENSIONES CON SOCIOS Y EL IMPEDIMENTO DE HACER OTRA CUMBRE EN MADRID, PROBLEMAS DE PEDRO S\u00c1NCHEZ!!!"},"content":{"rendered":"<p><b>Mal d\u00eda ayer para el liderazgo de Pedro S\u00e1nchez, Hace dos a\u00f1os, escrib\u00edamos\u00a0que S\u00e1nchez\u00a0contemplaba su futuro, fuera de Espa\u00f1a . En ello se sumaron\u00a0a los ataques de la derecha, las acusaciones contra su esposa y su familia, y sigue al frente de su proceso, pero un proceso dirigido desde la c\u00fapula del gobierno, d\u00e1ndole instrucciones\u00a0al partido., debiendo ser lo contrario.<\/b><\/p>\n<p><b>Ayer tres acontecimientos finalmente\u00a0estallaron: la crisis del partido en Castilla Le\u00f3n, los enfrentamientos con Sumar, la mala relaci\u00f3n con Podemos y el atar\u00a0su futuro a los nacionalistas, empezando por Junts, y para colmo, el intento de hacer una Cumbre de Madrid para un acuerdo entre Israel y Palestina, motivo por el cual se precipit\u00f3 el viaje de Felipe VI a Jordania, se ha desvanecido en la extensi\u00f3n del conflicto entre Israel, Ir\u00e1n\u00a0y otros paises.<\/b><\/p>\n<p><b> Con ello, el terreno que lleva pisando el presidente S\u00e1nchez, m\u00e1s en el extranjero entre elites pol\u00edticas\u00a0mundiales, m\u00e1s que en la propia Espa\u00f1a, le pasara factura, a \u00e9l, al proyecto, y al pueblo espa\u00f1ol.<\/b><\/p>\n<!-- AddThis Advanced Settings generic via filter on the_content --><!-- AddThis Share Buttons generic via filter on the_content -->","protected":false},"excerpt":{"rendered":"<p>Mal d\u00eda ayer para el liderazgo de Pedro S\u00e1nchez, Hace dos a\u00f1os, escrib\u00edamos\u00a0que S\u00e1nchez\u00a0contemplaba su futuro, fuera de Espa\u00f1a . En ello se sumaron\u00a0a los ataques de la derecha, las acusaciones contra su esposa y su familia, y sigue al frente de su proceso, pero un proceso dirigido desde la c\u00fapula del gobierno, d\u00e1ndole instrucciones\u00a0al [&hellip;]<!-- AddThis Advanced Settings generic via filter on get_the_excerpt --><!-- AddThis Share Buttons generic via filter on get_the_excerpt --><\/p>\n","protected":false},"author":16,"featured_media":0,"comment_status":"open","ping_status":"closed","sticky":false,"template":"","format":"standard","meta":[],"categories":[1],"tags":[],"_links":{"self":[{"href":"https:\/\/blogs.elcomercio.es\/reflexiones-de-belarmino\/wp-json\/wp\/v2\/posts\/38984"}],"collection":[{"href":"https:\/\/blogs.elcomercio.es\/reflexiones-de-belarmino\/wp-json\/wp\/v2\/posts"}],"about":[{"href":"https:\/\/blogs.elcomercio.es\/reflexiones-de-belarmino\/wp-json\/wp\/v2\/types\/post"}],"author":[{"embeddable":true,"href":"https:\/\/blogs.elcomercio.es\/reflexiones-de-belarmino\/wp-json\/wp\/v2\/users\/16"}],"replies":[{"embeddable":true,"href":"https:\/\/blogs.elcomercio.es\/reflexiones-de-belarmino\/wp-json\/wp\/v2\/comments?post=38984"}],"version-history":[{"count":2,"href":"https:\/\/blogs.elcomercio.es\/reflexiones-de-belarmino\/wp-json\/wp\/v2\/posts\/38984\/revisions"}],"predecessor-version":[{"id":38986,"href":"https:\/\/blogs.elcomercio.es\/reflexiones-de-belarmino\/wp-json\/wp\/v2\/posts\/38984\/revisions\/38986"}],"wp:attachment":[{"href":"https:\/\/blogs.elcomercio.es\/reflexiones-de-belarmino\/wp-json\/wp\/v2\/media?parent=38984"}],"wp:term":[{"taxonomy":"category","embeddable":true,"href":"https:\/\/blogs.elcomercio.es\/reflexiones-de-belarmino\/wp-json\/wp\/v2\/categories?post=38984"},{"taxonomy":"post_tag","embeddable":true,"href":"https:\/\/blogs.elcomercio.es\/reflexiones-de-belarmino\/wp-json\/wp\/v2\/tags?post=38984"}],"curies":[{"name":"wp","href":"https:\/\/api.w.org\/{rel}","templated":true}]}}