{"id":38996,"date":"2024-10-06T19:59:50","date_gmt":"2024-10-06T17:59:50","guid":{"rendered":"https:\/\/blogs.elcomercio.es\/reflexiones-de-belarmino\/?p=38996"},"modified":"2024-10-06T19:59:50","modified_gmt":"2024-10-06T17:59:50","slug":"solo-ha-salido-el-20-si-saliese-todo-espana-entraria-en-crisis-institucional-que-busca-el-sistema-al-atacar-a-juan-carlos","status":"publish","type":"post","link":"https:\/\/blogs.elcomercio.es\/reflexiones-de-belarmino\/2024\/10\/06\/solo-ha-salido-el-20-si-saliese-todo-espana-entraria-en-crisis-institucional-que-busca-el-sistema-al-atacar-a-juan-carlos\/","title":{"rendered":"\u00a1\u00a1\u00a1\u00a1&#8221; SOLO HA SALIDO EL 20 %. SI SALIESE TODO, ESPA\u00d1A ENTRAR\u00cdA EN CRISIS INSTITUCIONAL. \u00bfQUE BUSCA EL SISTEMA AL ATACAR A JUAN CARLOS ?!!!"},"content":{"rendered":"<p><b>Este, hemos reiterado\u00a0.ya no es un problema del &#8220;coraz\u00f3n&#8221;, es un problema de Estado. \u00bf Quien y con que objetivo\u00a0esta haciendo que salga todo, ahora &#8221;\u00a0?En una de las tertulias\u00a0televisivas\u00a0que hay que seguir para leer\u00a0entre l\u00edneas, algo coment\u00f3\u00a0Galiacho con la presentadora, que ella se levant\u00f3, tras comentarse que lo que ha salido es el 20 % del material que alguien tiene, y por supuesto los centros de\u00a0inteligencia: \u00a1\u00a1Eso no puede salir, porque\u00a0podr\u00eda caer la Monarqu\u00eda\u00a0 y grandes\u00a0personajes pol\u00edticos, econ\u00f3micos y sociales \u00a1\u00a1\u00a1.La indignaci\u00f3n de Felipe Gonzalez y de otros personajes que callan por miedo.<\/b><\/p>\n<p><b>No olvidemos\u00a0que quien en el gobierno de 14s de Felipe Gonz\u00e1lez, la que decidi\u00f3 que los pagos fueran en negro fue&#8230;.Margarita Robles.<\/b><\/p>\n<p><b>Algo est\u00e1\u00a0cocinando\u00a0el sistema. Cualquier\u00a0sistema de cualquier pais, manejan\u00a0las ca\u00f1er\u00edas\u00a0para evitar que el Sistema caiga.<\/b><\/p>\n<p><b>Los golpes tan fuerte contra\u00a0 el\u00a0Em\u00e9rito, a su hijas, a la reina Sof\u00eda, est\u00e1 golpeando a la Casa Real, pero tambi\u00e9n a los nacionalistas, a la izquierda, al PSOE, en momento cercano a una crisis\u00a0muy grave en Oriente pr\u00f3ximo.<\/b><\/p>\n<p><b>La frase\u00a0de Juan Carlos a Chavez, &#8220;Y tu por que no te callas&#8221;, es\u00a0 la acci\u00f3n del rey ante su amigo venezolano por favores\u00a0<\/b><b>prestados.<\/b><\/p>\n<p><b>Dejo por escrito esta hip\u00f3tesis de trabajo, y seguiremos leyendo entre l\u00edneas, esto que es mucho m\u00e1s que un culebr\u00f3n novel\u00edstico, mexicano venezolano<\/b><\/p>\n<!-- AddThis Advanced Settings generic via filter on the_content --><!-- AddThis Share Buttons generic via filter on the_content -->","protected":false},"excerpt":{"rendered":"<p>Este, hemos reiterado\u00a0.ya no es un problema del &#8220;coraz\u00f3n&#8221;, es un problema de Estado. \u00bf Quien y con que objetivo\u00a0esta haciendo que salga todo, ahora &#8221;\u00a0?En una de las tertulias\u00a0televisivas\u00a0que hay que seguir para leer\u00a0entre l\u00edneas, algo coment\u00f3\u00a0Galiacho con la presentadora, que ella se levant\u00f3, tras comentarse que lo que ha salido es el 20 [&hellip;]<!-- AddThis Advanced Settings generic via filter on get_the_excerpt --><!-- AddThis Share Buttons generic via filter on get_the_excerpt --><\/p>\n","protected":false},"author":16,"featured_media":0,"comment_status":"open","ping_status":"closed","sticky":false,"template":"","format":"standard","meta":[],"categories":[1],"tags":[],"_links":{"self":[{"href":"https:\/\/blogs.elcomercio.es\/reflexiones-de-belarmino\/wp-json\/wp\/v2\/posts\/38996"}],"collection":[{"href":"https:\/\/blogs.elcomercio.es\/reflexiones-de-belarmino\/wp-json\/wp\/v2\/posts"}],"about":[{"href":"https:\/\/blogs.elcomercio.es\/reflexiones-de-belarmino\/wp-json\/wp\/v2\/types\/post"}],"author":[{"embeddable":true,"href":"https:\/\/blogs.elcomercio.es\/reflexiones-de-belarmino\/wp-json\/wp\/v2\/users\/16"}],"replies":[{"embeddable":true,"href":"https:\/\/blogs.elcomercio.es\/reflexiones-de-belarmino\/wp-json\/wp\/v2\/comments?post=38996"}],"version-history":[{"count":1,"href":"https:\/\/blogs.elcomercio.es\/reflexiones-de-belarmino\/wp-json\/wp\/v2\/posts\/38996\/revisions"}],"predecessor-version":[{"id":38997,"href":"https:\/\/blogs.elcomercio.es\/reflexiones-de-belarmino\/wp-json\/wp\/v2\/posts\/38996\/revisions\/38997"}],"wp:attachment":[{"href":"https:\/\/blogs.elcomercio.es\/reflexiones-de-belarmino\/wp-json\/wp\/v2\/media?parent=38996"}],"wp:term":[{"taxonomy":"category","embeddable":true,"href":"https:\/\/blogs.elcomercio.es\/reflexiones-de-belarmino\/wp-json\/wp\/v2\/categories?post=38996"},{"taxonomy":"post_tag","embeddable":true,"href":"https:\/\/blogs.elcomercio.es\/reflexiones-de-belarmino\/wp-json\/wp\/v2\/tags?post=38996"}],"curies":[{"name":"wp","href":"https:\/\/api.w.org\/{rel}","templated":true}]}}