{"id":39055,"date":"2024-10-09T11:52:11","date_gmt":"2024-10-09T09:52:11","guid":{"rendered":"https:\/\/blogs.elcomercio.es\/reflexiones-de-belarmino\/?p=39055"},"modified":"2024-10-09T11:52:11","modified_gmt":"2024-10-09T09:52:11","slug":"florida-atrapados-5-5-millones-en-autopistas-huyendo-del-milton-que-podria-ser-el-mas-destructor-de-su-historia","status":"publish","type":"post","link":"https:\/\/blogs.elcomercio.es\/reflexiones-de-belarmino\/2024\/10\/09\/florida-atrapados-5-5-millones-en-autopistas-huyendo-del-milton-que-podria-ser-el-mas-destructor-de-su-historia\/","title":{"rendered":"\u00a1\u00a1\u00a1FLORIDA, ATRAPADOS 5.5 MILLONES EN AUTOPISTAS HUYENDO DEL MILTON, QUE PODR\u00cdA SER EL M\u00c1S DESTRUCTOR DE SU HISTORIA !!!"},"content":{"rendered":"<p><b>El p\u00e1nico ha entrado entre los habitantes de Florida. Ante la llegada hoy del hurac\u00e1n\u00a0Milton, ya categor\u00eda 5, cinco millones y medios de habitantes, colapsan las grandes\u00a0autopistas para huir,al escuchar de los expertos que puede ser el m\u00e1s destructivo de la historia, por encima del Katrine.<\/b><\/p>\n<!-- AddThis Advanced Settings generic via filter on the_content --><!-- AddThis Share Buttons generic via filter on the_content -->","protected":false},"excerpt":{"rendered":"<p>El p\u00e1nico ha entrado entre los habitantes de Florida. Ante la llegada hoy del hurac\u00e1n\u00a0Milton, ya categor\u00eda 5, cinco millones y medios de habitantes, colapsan las grandes\u00a0autopistas para huir,al escuchar de los expertos que puede ser el m\u00e1s destructivo de la historia, por encima del Katrine.<!-- AddThis Advanced Settings generic via filter on get_the_excerpt --><!-- AddThis Share Buttons generic via filter on get_the_excerpt --><\/p>\n","protected":false},"author":16,"featured_media":0,"comment_status":"open","ping_status":"closed","sticky":false,"template":"","format":"standard","meta":[],"categories":[1],"tags":[],"_links":{"self":[{"href":"https:\/\/blogs.elcomercio.es\/reflexiones-de-belarmino\/wp-json\/wp\/v2\/posts\/39055"}],"collection":[{"href":"https:\/\/blogs.elcomercio.es\/reflexiones-de-belarmino\/wp-json\/wp\/v2\/posts"}],"about":[{"href":"https:\/\/blogs.elcomercio.es\/reflexiones-de-belarmino\/wp-json\/wp\/v2\/types\/post"}],"author":[{"embeddable":true,"href":"https:\/\/blogs.elcomercio.es\/reflexiones-de-belarmino\/wp-json\/wp\/v2\/users\/16"}],"replies":[{"embeddable":true,"href":"https:\/\/blogs.elcomercio.es\/reflexiones-de-belarmino\/wp-json\/wp\/v2\/comments?post=39055"}],"version-history":[{"count":1,"href":"https:\/\/blogs.elcomercio.es\/reflexiones-de-belarmino\/wp-json\/wp\/v2\/posts\/39055\/revisions"}],"predecessor-version":[{"id":39056,"href":"https:\/\/blogs.elcomercio.es\/reflexiones-de-belarmino\/wp-json\/wp\/v2\/posts\/39055\/revisions\/39056"}],"wp:attachment":[{"href":"https:\/\/blogs.elcomercio.es\/reflexiones-de-belarmino\/wp-json\/wp\/v2\/media?parent=39055"}],"wp:term":[{"taxonomy":"category","embeddable":true,"href":"https:\/\/blogs.elcomercio.es\/reflexiones-de-belarmino\/wp-json\/wp\/v2\/categories?post=39055"},{"taxonomy":"post_tag","embeddable":true,"href":"https:\/\/blogs.elcomercio.es\/reflexiones-de-belarmino\/wp-json\/wp\/v2\/tags?post=39055"}],"curies":[{"name":"wp","href":"https:\/\/api.w.org\/{rel}","templated":true}]}}