{"id":39061,"date":"2024-10-09T20:40:56","date_gmt":"2024-10-09T18:40:56","guid":{"rendered":"https:\/\/blogs.elcomercio.es\/reflexiones-de-belarmino\/?p=39061"},"modified":"2024-10-09T20:40:56","modified_gmt":"2024-10-09T18:40:56","slug":"si-esta-derecha-llega-al-gobierno-espana-retrocederia-e-iriamos-a-una-confrontacion-social","status":"publish","type":"post","link":"https:\/\/blogs.elcomercio.es\/reflexiones-de-belarmino\/2024\/10\/09\/si-esta-derecha-llega-al-gobierno-espana-retrocederia-e-iriamos-a-una-confrontacion-social\/","title":{"rendered":"\u00a1\u00a1\u00a1SI ESTA DERECHA LLEGA AL GOBIERNO, ESPA\u00d1A RETROCEDER\u00cdA E IRIAMOS A UNA CONFRONTACI\u00d3N SOCIAL !!"},"content":{"rendered":"<p><b>Como tenemos los elementos para entender\u00a0el futuro de Medio Oriente, de los Estados UNidos y de la Uni\u00f3n Europea, tambi\u00e9n lo tenemos en Espa\u00f1a. No digerida la moci\u00f3n de\u00a0censura que tir\u00f3 a Mariano Rajoy, la derecha espa\u00f1ola no\u00a0 s\u00f3lo no\u00a0 sabe a donde va, sin lider, sino que ha logrado que\u00a0en estos a\u00f1os, el 14 % de la votaci\u00f3n est\u00e9 en manos de los extrema\u00a0<\/b><b>derecha.<\/b><\/p>\n<p><b>\u00bfQui\u00e9n\u00a0ha\u00a0dicho que\u00a0los espa\u00f1oles estemos de acuerdo con los poderes f\u00e1cticos\u00a0y su intento de cambio?. Hoy tenemos el gobierno, la mayor\u00eda\u00a0social y econ\u00f3mica, la Moncloa y el BOE y la posibilidad ,casi la seguridad de terminar\u00a0la Legislatura.<\/b><\/p>\n<p><b>La derecha\u00a0espa\u00f1ola, dividida, sin liderazgo, con errores como los que hicieron pasar la ley de las penas, si lider, con errore como los de hoy en la sesi\u00f3n de la C\u00e1mara de lanzar contra el gobierno todo el peso de una\u00a0ETA acabada por el pueblo espa\u00f1ol dirigida por P\u00e9rez\u00a0Rubalcaba..<\/b><\/p>\n<p><b>Con los problemas que hay en el Gobierno de Coalici\u00f3n, todos estiman, que la llegada del PP, VOX y SAF, significar\u00eda un retroceso de a\u00f1os y que conducir\u00eda a\u00a0 tensiones sociales, que conociendos hist\u00f3ricamente\u00a0sabemos como Espa\u00f1a, pero no como termina.<\/b><\/p>\n<p><strong>Si se aprueban los presupuestos, este gobierno tendr\u00e1 mas que una Legislatura.<\/strong><\/p>\n<!-- AddThis Advanced Settings generic via filter on the_content --><!-- AddThis Share Buttons generic via filter on the_content -->","protected":false},"excerpt":{"rendered":"<p>Como tenemos los elementos para entender\u00a0el futuro de Medio Oriente, de los Estados UNidos y de la Uni\u00f3n Europea, tambi\u00e9n lo tenemos en Espa\u00f1a. No digerida la moci\u00f3n de\u00a0censura que tir\u00f3 a Mariano Rajoy, la derecha espa\u00f1ola no\u00a0 s\u00f3lo no\u00a0 sabe a donde va, sin lider, sino que ha logrado que\u00a0en estos a\u00f1os, el 14 [&hellip;]<!-- AddThis Advanced Settings generic via filter on get_the_excerpt --><!-- AddThis Share Buttons generic via filter on get_the_excerpt --><\/p>\n","protected":false},"author":16,"featured_media":0,"comment_status":"open","ping_status":"closed","sticky":false,"template":"","format":"standard","meta":[],"categories":[1],"tags":[],"_links":{"self":[{"href":"https:\/\/blogs.elcomercio.es\/reflexiones-de-belarmino\/wp-json\/wp\/v2\/posts\/39061"}],"collection":[{"href":"https:\/\/blogs.elcomercio.es\/reflexiones-de-belarmino\/wp-json\/wp\/v2\/posts"}],"about":[{"href":"https:\/\/blogs.elcomercio.es\/reflexiones-de-belarmino\/wp-json\/wp\/v2\/types\/post"}],"author":[{"embeddable":true,"href":"https:\/\/blogs.elcomercio.es\/reflexiones-de-belarmino\/wp-json\/wp\/v2\/users\/16"}],"replies":[{"embeddable":true,"href":"https:\/\/blogs.elcomercio.es\/reflexiones-de-belarmino\/wp-json\/wp\/v2\/comments?post=39061"}],"version-history":[{"count":2,"href":"https:\/\/blogs.elcomercio.es\/reflexiones-de-belarmino\/wp-json\/wp\/v2\/posts\/39061\/revisions"}],"predecessor-version":[{"id":39063,"href":"https:\/\/blogs.elcomercio.es\/reflexiones-de-belarmino\/wp-json\/wp\/v2\/posts\/39061\/revisions\/39063"}],"wp:attachment":[{"href":"https:\/\/blogs.elcomercio.es\/reflexiones-de-belarmino\/wp-json\/wp\/v2\/media?parent=39061"}],"wp:term":[{"taxonomy":"category","embeddable":true,"href":"https:\/\/blogs.elcomercio.es\/reflexiones-de-belarmino\/wp-json\/wp\/v2\/categories?post=39061"},{"taxonomy":"post_tag","embeddable":true,"href":"https:\/\/blogs.elcomercio.es\/reflexiones-de-belarmino\/wp-json\/wp\/v2\/tags?post=39061"}],"curies":[{"name":"wp","href":"https:\/\/api.w.org\/{rel}","templated":true}]}}