{"id":39226,"date":"2024-10-17T11:15:20","date_gmt":"2024-10-17T09:15:20","guid":{"rendered":"https:\/\/blogs.elcomercio.es\/reflexiones-de-belarmino\/?p=39226"},"modified":"2024-10-17T11:15:20","modified_gmt":"2024-10-17T09:15:20","slug":"lo-lamento-felipe-le-dijo-aznar-al-servirle-un-tequila-triple-a-calderon-en-el-barrio-de-los-ex-venezolanos-y-mexicanos","status":"publish","type":"post","link":"https:\/\/blogs.elcomercio.es\/reflexiones-de-belarmino\/2024\/10\/17\/lo-lamento-felipe-le-dijo-aznar-al-servirle-un-tequila-triple-a-calderon-en-el-barrio-de-los-ex-venezolanos-y-mexicanos\/","title":{"rendered":"\u00a1\u00a1\u00a1&#8221;LO LAMENTO, FELIPE&#8221; LE DIJO AZNAR , AL SERVIRLE  UN TEQUILA TRIPLE A CALDER\u00d3N EN EL BARRIO DE LOS EX VENEZOLANOS Y MEXICANOS !!!"},"content":{"rendered":"<p><b>En el barrio de Salamanca, donde se han refugiado las oligarqu\u00edas\u00a0venezolanas y los ex presidentes mexicanos, tan cerca de AZNAR, \u00e9ste,\u00a0 Felipe Calder\u00f3n\u00a0ante la bomba de los 38 a\u00f1os de condena a su Zar Antidrogas, que \u00e9l\u00a0nombr\u00f3, debi\u00f3 ser consolado por el hombre que le permite tener residencia en Espa\u00f1a, al nombrarlo catedr\u00e1tico\u00a0de FAES. Sabido\u00a0de su dependencia del tequila,\u00a0 con aquel triple que le serv\u00eda ayer Felipe Calder\u00f3n\u00a0sinti\u00f3 lo que es aquel pueblo moreno despreciable, le respondi\u00f3.<\/b><\/p>\n<p><b>3 de cada 10 habitantes del Barrio de Salamanca son venezolanos, sus grandes fortunas en Espa\u00f1a, la semana pasada, no brindaron cuando declar\u00f3 Gonz\u00e1lez\u00a0Urrutia, el &#8220;ganador de las elecciones&#8221; pido ayuda internacional\u00a0porque\u00a0EE:UU sac\u00f3 de su agenda la &#8220;crisis&#8221; de Colombia.<\/b><\/p>\n<p><strong>Por ello, la oligarqu\u00eda venezolana,\u00a0 van tras S\u00e1nchez. THE OBJECTIVE es la punta de lanza\u00a0 de los ataques contra\u00a0 el Gobierno de Coalici\u00f3n.La se\u00f1ora Ayuso\u00a0 detras de ellos.<\/strong><\/p>\n<p>&nbsp;<\/p>\n<!-- AddThis Advanced Settings generic via filter on the_content --><!-- AddThis Share Buttons generic via filter on the_content -->","protected":false},"excerpt":{"rendered":"<p>En el barrio de Salamanca, donde se han refugiado las oligarqu\u00edas\u00a0venezolanas y los ex presidentes mexicanos, tan cerca de AZNAR, \u00e9ste,\u00a0 Felipe Calder\u00f3n\u00a0ante la bomba de los 38 a\u00f1os de condena a su Zar Antidrogas, que \u00e9l\u00a0nombr\u00f3, debi\u00f3 ser consolado por el hombre que le permite tener residencia en Espa\u00f1a, al nombrarlo catedr\u00e1tico\u00a0de FAES. Sabido\u00a0de [&hellip;]<!-- AddThis Advanced Settings generic via filter on get_the_excerpt --><!-- AddThis Share Buttons generic via filter on get_the_excerpt --><\/p>\n","protected":false},"author":16,"featured_media":0,"comment_status":"open","ping_status":"closed","sticky":false,"template":"","format":"standard","meta":[],"categories":[1],"tags":[],"_links":{"self":[{"href":"https:\/\/blogs.elcomercio.es\/reflexiones-de-belarmino\/wp-json\/wp\/v2\/posts\/39226"}],"collection":[{"href":"https:\/\/blogs.elcomercio.es\/reflexiones-de-belarmino\/wp-json\/wp\/v2\/posts"}],"about":[{"href":"https:\/\/blogs.elcomercio.es\/reflexiones-de-belarmino\/wp-json\/wp\/v2\/types\/post"}],"author":[{"embeddable":true,"href":"https:\/\/blogs.elcomercio.es\/reflexiones-de-belarmino\/wp-json\/wp\/v2\/users\/16"}],"replies":[{"embeddable":true,"href":"https:\/\/blogs.elcomercio.es\/reflexiones-de-belarmino\/wp-json\/wp\/v2\/comments?post=39226"}],"version-history":[{"count":4,"href":"https:\/\/blogs.elcomercio.es\/reflexiones-de-belarmino\/wp-json\/wp\/v2\/posts\/39226\/revisions"}],"predecessor-version":[{"id":39230,"href":"https:\/\/blogs.elcomercio.es\/reflexiones-de-belarmino\/wp-json\/wp\/v2\/posts\/39226\/revisions\/39230"}],"wp:attachment":[{"href":"https:\/\/blogs.elcomercio.es\/reflexiones-de-belarmino\/wp-json\/wp\/v2\/media?parent=39226"}],"wp:term":[{"taxonomy":"category","embeddable":true,"href":"https:\/\/blogs.elcomercio.es\/reflexiones-de-belarmino\/wp-json\/wp\/v2\/categories?post=39226"},{"taxonomy":"post_tag","embeddable":true,"href":"https:\/\/blogs.elcomercio.es\/reflexiones-de-belarmino\/wp-json\/wp\/v2\/tags?post=39226"}],"curies":[{"name":"wp","href":"https:\/\/api.w.org\/{rel}","templated":true}]}}