{"id":39235,"date":"2024-10-17T17:44:02","date_gmt":"2024-10-17T15:44:02","guid":{"rendered":"https:\/\/blogs.elcomercio.es\/reflexiones-de-belarmino\/?p=39235"},"modified":"2024-10-17T17:44:35","modified_gmt":"2024-10-17T15:44:35","slug":"empiezan-a-abandonar-los-jueces-mas-corruptos-no-sepresentaran-a-las-elecciones","status":"publish","type":"post","link":"https:\/\/blogs.elcomercio.es\/reflexiones-de-belarmino\/2024\/10\/17\/empiezan-a-abandonar-los-jueces-mas-corruptos-no-sepresentaran-a-las-elecciones\/","title":{"rendered":"\u00a1\u00a1\u00a1\u00a1EMPIEZAN A ABANDONAR LOS JUECES M\u00c1S CORRUPTOS.NO SE PRESENTAR\u00c1N A LAS ELECCIONES. !!!"},"content":{"rendered":"<p><b>Andr\u00e9s Manuel\u00a0L\u00f3pez Obrador iba informando en la Ma\u00f1anera los nombres de los jueces que se opon\u00edan, a las reformas\u00a0y defend\u00edan\u00a0a las transnacionales.Por ello, el pueblo sab\u00eda quienes eran aquellos que habi\u00e9ndose\u00a0enriquecido, comprados por grandes empresas, pero la impunidad segu\u00eda. Justamente ayer que\u00a0se lanz\u00f3\u00a0la Convocatoria para la Reforma Judicial, el juez JUAN PABLO G\u00d3MEZ\u00a0FIERRO, declin\u00f3 a su derecho a ser electo y\u00a0<\/b><b>renunci\u00f3.<\/b><\/p>\n<p><b>As\u00ed, tan s\u00f3lo empezar el proceso, como manzanas podridas cayendo del \u00e1rbol, los m\u00e1s\u00a0significativos empiezan a abandonar el barco.<\/b><\/p>\n<p><b>Se imaginan en Espa\u00f1a, con este\u00a0sistema, cuantos jueces se ir\u00edan y cuantos abogados decentes con experiencia podr\u00edan aspirar.<\/b><\/p>\n<p><b>\u00a1\u00a1A, no, aqu\u00ed no !! decimos&#8221; como somos una democracia\u00a0consolidada\u00a0y no una rep\u00fablica\u00a0bananera, esto aqu\u00ed ser\u00eda imposible&#8221;<\/b><\/p>\n<!-- AddThis Advanced Settings generic via filter on the_content --><!-- AddThis Share Buttons generic via filter on the_content -->","protected":false},"excerpt":{"rendered":"<p>Andr\u00e9s Manuel\u00a0L\u00f3pez Obrador iba informando en la Ma\u00f1anera los nombres de los jueces que se opon\u00edan, a las reformas\u00a0y defend\u00edan\u00a0a las transnacionales.Por ello, el pueblo sab\u00eda quienes eran aquellos que habi\u00e9ndose\u00a0enriquecido, comprados por grandes empresas, pero la impunidad segu\u00eda. Justamente ayer que\u00a0se lanz\u00f3\u00a0la Convocatoria para la Reforma Judicial, el juez JUAN PABLO G\u00d3MEZ\u00a0FIERRO, declin\u00f3 a [&hellip;]<!-- AddThis Advanced Settings generic via filter on get_the_excerpt --><!-- AddThis Share Buttons generic via filter on get_the_excerpt --><\/p>\n","protected":false},"author":16,"featured_media":0,"comment_status":"open","ping_status":"closed","sticky":false,"template":"","format":"standard","meta":[],"categories":[1],"tags":[],"_links":{"self":[{"href":"https:\/\/blogs.elcomercio.es\/reflexiones-de-belarmino\/wp-json\/wp\/v2\/posts\/39235"}],"collection":[{"href":"https:\/\/blogs.elcomercio.es\/reflexiones-de-belarmino\/wp-json\/wp\/v2\/posts"}],"about":[{"href":"https:\/\/blogs.elcomercio.es\/reflexiones-de-belarmino\/wp-json\/wp\/v2\/types\/post"}],"author":[{"embeddable":true,"href":"https:\/\/blogs.elcomercio.es\/reflexiones-de-belarmino\/wp-json\/wp\/v2\/users\/16"}],"replies":[{"embeddable":true,"href":"https:\/\/blogs.elcomercio.es\/reflexiones-de-belarmino\/wp-json\/wp\/v2\/comments?post=39235"}],"version-history":[{"count":3,"href":"https:\/\/blogs.elcomercio.es\/reflexiones-de-belarmino\/wp-json\/wp\/v2\/posts\/39235\/revisions"}],"predecessor-version":[{"id":39238,"href":"https:\/\/blogs.elcomercio.es\/reflexiones-de-belarmino\/wp-json\/wp\/v2\/posts\/39235\/revisions\/39238"}],"wp:attachment":[{"href":"https:\/\/blogs.elcomercio.es\/reflexiones-de-belarmino\/wp-json\/wp\/v2\/media?parent=39235"}],"wp:term":[{"taxonomy":"category","embeddable":true,"href":"https:\/\/blogs.elcomercio.es\/reflexiones-de-belarmino\/wp-json\/wp\/v2\/categories?post=39235"},{"taxonomy":"post_tag","embeddable":true,"href":"https:\/\/blogs.elcomercio.es\/reflexiones-de-belarmino\/wp-json\/wp\/v2\/tags?post=39235"}],"curies":[{"name":"wp","href":"https:\/\/api.w.org\/{rel}","templated":true}]}}