{"id":39241,"date":"2024-10-17T18:28:13","date_gmt":"2024-10-17T16:28:13","guid":{"rendered":"https:\/\/blogs.elcomercio.es\/reflexiones-de-belarmino\/?p=39241"},"modified":"2024-10-17T18:28:13","modified_gmt":"2024-10-17T16:28:13","slug":"se-crea-la-secretaria-de-anticorrupcion-y-buen-gobierno","status":"publish","type":"post","link":"https:\/\/blogs.elcomercio.es\/reflexiones-de-belarmino\/2024\/10\/17\/se-crea-la-secretaria-de-anticorrupcion-y-buen-gobierno\/","title":{"rendered":"\u00a1\u00a1\u00a1\u00a1\u00a1SE CREA LA SECRETAR\u00cdA DE ANTICORRUPCI\u00d3N Y BUEN GOBIERNO!!!"},"content":{"rendered":"<p><b>En la Ma\u00f1anera de hoy, se ha dado a conocer que la presidenta Sheinbaum\u00a0acaba de crear la Secretar\u00eda\u00a0de Anticorrupci\u00f3n\u00a0y el Buen Gobierno, a cargo de Raquel Buenrostro, quiz\u00e1s\u00a0 considerada una de las pol\u00edticas\u00a0m\u00e1s limpias del pa\u00eds, que ha sido un gran acierto. Mujer ligada a Cuauht\u00e9moc\u00a0<\/b><b>C\u00e1rdenas.<\/b><\/p>\n<p><b>La Secretaria va a trabajar sobre los siguientes\u00a0ejes:<\/b><\/p>\n<p><b>1) LA POLITIZACI\u00d3N\u00a0DEL PUEBLO, que empieza cada d\u00eda con La Ma\u00f1anera a las 7.30 hs y que v\u00eda\u00a0internet llega hasta el \u00faltimo rinc\u00f3n\u00a0de un ranchito del pa\u00eds( 2 millones de kms, cuadrados, cuatro veces Espa\u00f1a)<\/b><\/p>\n<p><b>2) SEPARACI\u00d3N\u00a0DE LO P\u00daBLICO\u00a0Y LO PRIVADO, donde el que quiera servir debe ajustarse a la Honrosa Median\u00eda que se\u00f1alaba Ju\u00e1rez tiene espacio y el que no lo haga en las empresas privadas.<\/b><\/p>\n<p><b>3)ENTREGA\u00a0DIRECTA DEL GOBIERNO AL\u00a0PUEBLO, a trav\u00e9s del Banco del Bienestar de todos los programas sociales, radicalmente opuesto a\u00a0lo realizado\u00a0por Salinas, Zedillo, Fox, Calder\u00f3n y Pe\u00f1a Nieto.<\/b><\/p>\n<p><b>4)\u00a0 NO CONDONACI\u00d3N\u00a0DE IMPUESTOS A NADIE.<\/b><\/p>\n<p><strong>5) AUSTERIDAD REPUBLICANA.<\/strong><\/p>\n<p><strong>El pa\u00eds sigue avanzando.<\/strong><\/p>\n<p><b>Como sucedi\u00f3 con Andr\u00e9s Manuel, que todos los d\u00edas de los 6 a\u00f1os, di\u00f3 m\u00e1s de 2,000 conferencias de prensa, con Claudia, se le nota que disfruta como buena catedr\u00e1tica\u00a0que ha sido.<\/b><\/p>\n<p>&nbsp;<\/p>\n<p><b>Recordemos que L\u00f3pez Obrador\u00a0obtuvo los primeros 200,000 millones de dolares, de bajar salarios, no corrupci\u00f3n\u00a0y austeridad republicana, la base, m\u00e1s adelante para los 20 programas\u00a0sociales,(llegan a 25 de los 35 millones de hogares del pais,\u00a0 en donde esos recursos, se dedican a los que ocupan la parte baja de la pir\u00e1mide, elevando\u00a0con ello, su nivel de vida, pero tambi\u00e9n de consumo de la poblaci\u00f3n, lo que favoreci\u00f3 a las empresas y con ellos se fue al crecimiento, sin necesidad de endeudarse,<\/b><\/p>\n<p>&nbsp;<\/p>\n<!-- AddThis Advanced Settings generic via filter on the_content --><!-- AddThis Share Buttons generic via filter on the_content -->","protected":false},"excerpt":{"rendered":"<p>En la Ma\u00f1anera de hoy, se ha dado a conocer que la presidenta Sheinbaum\u00a0acaba de crear la Secretar\u00eda\u00a0de Anticorrupci\u00f3n\u00a0y el Buen Gobierno, a cargo de Raquel Buenrostro, quiz\u00e1s\u00a0 considerada una de las pol\u00edticas\u00a0m\u00e1s limpias del pa\u00eds, que ha sido un gran acierto. Mujer ligada a Cuauht\u00e9moc\u00a0C\u00e1rdenas. La Secretaria va a trabajar sobre los siguientes\u00a0ejes: 1) [&hellip;]<!-- AddThis Advanced Settings generic via filter on get_the_excerpt --><!-- AddThis Share Buttons generic via filter on get_the_excerpt --><\/p>\n","protected":false},"author":16,"featured_media":0,"comment_status":"open","ping_status":"closed","sticky":false,"template":"","format":"standard","meta":[],"categories":[1],"tags":[],"_links":{"self":[{"href":"https:\/\/blogs.elcomercio.es\/reflexiones-de-belarmino\/wp-json\/wp\/v2\/posts\/39241"}],"collection":[{"href":"https:\/\/blogs.elcomercio.es\/reflexiones-de-belarmino\/wp-json\/wp\/v2\/posts"}],"about":[{"href":"https:\/\/blogs.elcomercio.es\/reflexiones-de-belarmino\/wp-json\/wp\/v2\/types\/post"}],"author":[{"embeddable":true,"href":"https:\/\/blogs.elcomercio.es\/reflexiones-de-belarmino\/wp-json\/wp\/v2\/users\/16"}],"replies":[{"embeddable":true,"href":"https:\/\/blogs.elcomercio.es\/reflexiones-de-belarmino\/wp-json\/wp\/v2\/comments?post=39241"}],"version-history":[{"count":1,"href":"https:\/\/blogs.elcomercio.es\/reflexiones-de-belarmino\/wp-json\/wp\/v2\/posts\/39241\/revisions"}],"predecessor-version":[{"id":39242,"href":"https:\/\/blogs.elcomercio.es\/reflexiones-de-belarmino\/wp-json\/wp\/v2\/posts\/39241\/revisions\/39242"}],"wp:attachment":[{"href":"https:\/\/blogs.elcomercio.es\/reflexiones-de-belarmino\/wp-json\/wp\/v2\/media?parent=39241"}],"wp:term":[{"taxonomy":"category","embeddable":true,"href":"https:\/\/blogs.elcomercio.es\/reflexiones-de-belarmino\/wp-json\/wp\/v2\/categories?post=39241"},{"taxonomy":"post_tag","embeddable":true,"href":"https:\/\/blogs.elcomercio.es\/reflexiones-de-belarmino\/wp-json\/wp\/v2\/tags?post=39241"}],"curies":[{"name":"wp","href":"https:\/\/api.w.org\/{rel}","templated":true}]}}