{"id":39243,"date":"2024-10-17T19:12:04","date_gmt":"2024-10-17T17:12:04","guid":{"rendered":"https:\/\/blogs.elcomercio.es\/reflexiones-de-belarmino\/?p=39243"},"modified":"2024-10-17T19:12:04","modified_gmt":"2024-10-17T17:12:04","slug":"israel-informa-que-ha-matado-a-yahia-sin-war-lider-de-hamas-hoy-en-yabalia","status":"publish","type":"post","link":"https:\/\/blogs.elcomercio.es\/reflexiones-de-belarmino\/2024\/10\/17\/israel-informa-que-ha-matado-a-yahia-sin-war-lider-de-hamas-hoy-en-yabalia\/","title":{"rendered":"\u00a1\u00a1ISRAEL INFORMA  QUE HA MATADO  A YAHIA SIN WAR, L\u00cdDER DE HAMAS, HOY EN YABALIA !!!"},"content":{"rendered":"<p><b>Israel ha informado que habr\u00eda muerto Yashia Sin War, el n\u00famero uno de Hamas, y el cerebro de los ataques del 7 de octubre, en un ataque en el L\u00edbano\u00a0en la ciudad de Yabalia.<\/b><\/p>\n<!-- AddThis Advanced Settings generic via filter on the_content --><!-- AddThis Share Buttons generic via filter on the_content -->","protected":false},"excerpt":{"rendered":"<p>Israel ha informado que habr\u00eda muerto Yashia Sin War, el n\u00famero uno de Hamas, y el cerebro de los ataques del 7 de octubre, en un ataque en el L\u00edbano\u00a0en la ciudad de Yabalia.<!-- AddThis Advanced Settings generic via filter on get_the_excerpt --><!-- AddThis Share Buttons generic via filter on get_the_excerpt --><\/p>\n","protected":false},"author":16,"featured_media":0,"comment_status":"open","ping_status":"closed","sticky":false,"template":"","format":"standard","meta":[],"categories":[1],"tags":[],"_links":{"self":[{"href":"https:\/\/blogs.elcomercio.es\/reflexiones-de-belarmino\/wp-json\/wp\/v2\/posts\/39243"}],"collection":[{"href":"https:\/\/blogs.elcomercio.es\/reflexiones-de-belarmino\/wp-json\/wp\/v2\/posts"}],"about":[{"href":"https:\/\/blogs.elcomercio.es\/reflexiones-de-belarmino\/wp-json\/wp\/v2\/types\/post"}],"author":[{"embeddable":true,"href":"https:\/\/blogs.elcomercio.es\/reflexiones-de-belarmino\/wp-json\/wp\/v2\/users\/16"}],"replies":[{"embeddable":true,"href":"https:\/\/blogs.elcomercio.es\/reflexiones-de-belarmino\/wp-json\/wp\/v2\/comments?post=39243"}],"version-history":[{"count":1,"href":"https:\/\/blogs.elcomercio.es\/reflexiones-de-belarmino\/wp-json\/wp\/v2\/posts\/39243\/revisions"}],"predecessor-version":[{"id":39244,"href":"https:\/\/blogs.elcomercio.es\/reflexiones-de-belarmino\/wp-json\/wp\/v2\/posts\/39243\/revisions\/39244"}],"wp:attachment":[{"href":"https:\/\/blogs.elcomercio.es\/reflexiones-de-belarmino\/wp-json\/wp\/v2\/media?parent=39243"}],"wp:term":[{"taxonomy":"category","embeddable":true,"href":"https:\/\/blogs.elcomercio.es\/reflexiones-de-belarmino\/wp-json\/wp\/v2\/categories?post=39243"},{"taxonomy":"post_tag","embeddable":true,"href":"https:\/\/blogs.elcomercio.es\/reflexiones-de-belarmino\/wp-json\/wp\/v2\/tags?post=39243"}],"curies":[{"name":"wp","href":"https:\/\/api.w.org\/{rel}","templated":true}]}}