{"id":39515,"date":"2024-10-29T17:43:05","date_gmt":"2024-10-29T16:43:05","guid":{"rendered":"https:\/\/blogs.elcomercio.es\/reflexiones-de-belarmino\/?p=39515"},"modified":"2024-10-29T17:43:05","modified_gmt":"2024-10-29T16:43:05","slug":"el-congreso-espanol-rechaza-la-mocion-de-censura-contra-sheinbaum-por-no-invitar-al-rey-de-espana-pp-y-vox-la-presentaron","status":"publish","type":"post","link":"https:\/\/blogs.elcomercio.es\/reflexiones-de-belarmino\/2024\/10\/29\/el-congreso-espanol-rechaza-la-mocion-de-censura-contra-sheinbaum-por-no-invitar-al-rey-de-espana-pp-y-vox-la-presentaron\/","title":{"rendered":"\u00a1\u00a1\u00a1\u00a1EL CONGRESO ESPA\u00d1OL RECHAZA LA MOCI\u00d3N DE CENSURA CONTRA SHEINBAUM POR NO INVITAR AL REY DE ESPA\u00d1A. PP Y VOX LA PRESENTARON !!!!"},"content":{"rendered":"<p><b>La prensa mexicana, en primera plana, recoge que el Congreso Espa\u00f1ol , en la comisi\u00f3n de Relaciones Exteriores por\u00a0 19 votos\u00a0 a favor y\u00a0 17 (del PP y VOX) en contra, HA\u00a0RECHAZADO\u00a0LA CONDENA A LA PRESIDENTA\u00a0SCHEINBAUM POR NO HABER INVITADO AL REY DE ESPA\u00d1A A SU TOMA DE POSESI\u00d3N.,\u00a0 e &#8220;Instan a tomar las medidas\u00a0oportunas para la defensa\u00a0del legado espa\u00f1ol&#8221;.<\/b><\/p>\n<p><strong>El pais sigue adelante con el apoyo del PSOE,\u00a0 SUMAR, PODEMOS y NACIONALISTAS VASCOS Y CATALANES.<\/strong><\/p>\n<p><b>Vicente Guerrero, el lider de la INdependencia, en 2021\u00a0 al observar la actitud\u00a0del General asturiano Rafael del Riego de no comandar las tropas para aplastar la independencia de Am\u00e9rica dijo. HOY SABEMOS QUE HAY OTRA ESPA\u00d1A.<\/b>.<\/p>\n<p>&nbsp;<\/p>\n<p>&nbsp;<\/p>\n<p>&nbsp;<\/p>\n<!-- AddThis Advanced Settings generic via filter on the_content --><!-- AddThis Share Buttons generic via filter on the_content -->","protected":false},"excerpt":{"rendered":"<p>La prensa mexicana, en primera plana, recoge que el Congreso Espa\u00f1ol , en la comisi\u00f3n de Relaciones Exteriores por\u00a0 19 votos\u00a0 a favor y\u00a0 17 (del PP y VOX) en contra, HA\u00a0RECHAZADO\u00a0LA CONDENA A LA PRESIDENTA\u00a0SCHEINBAUM POR NO HABER INVITADO AL REY DE ESPA\u00d1A A SU TOMA DE POSESI\u00d3N.,\u00a0 e &#8220;Instan a tomar las medidas\u00a0oportunas [&hellip;]<!-- AddThis Advanced Settings generic via filter on get_the_excerpt --><!-- AddThis Share Buttons generic via filter on get_the_excerpt --><\/p>\n","protected":false},"author":16,"featured_media":0,"comment_status":"open","ping_status":"closed","sticky":false,"template":"","format":"standard","meta":[],"categories":[1],"tags":[],"_links":{"self":[{"href":"https:\/\/blogs.elcomercio.es\/reflexiones-de-belarmino\/wp-json\/wp\/v2\/posts\/39515"}],"collection":[{"href":"https:\/\/blogs.elcomercio.es\/reflexiones-de-belarmino\/wp-json\/wp\/v2\/posts"}],"about":[{"href":"https:\/\/blogs.elcomercio.es\/reflexiones-de-belarmino\/wp-json\/wp\/v2\/types\/post"}],"author":[{"embeddable":true,"href":"https:\/\/blogs.elcomercio.es\/reflexiones-de-belarmino\/wp-json\/wp\/v2\/users\/16"}],"replies":[{"embeddable":true,"href":"https:\/\/blogs.elcomercio.es\/reflexiones-de-belarmino\/wp-json\/wp\/v2\/comments?post=39515"}],"version-history":[{"count":1,"href":"https:\/\/blogs.elcomercio.es\/reflexiones-de-belarmino\/wp-json\/wp\/v2\/posts\/39515\/revisions"}],"predecessor-version":[{"id":39516,"href":"https:\/\/blogs.elcomercio.es\/reflexiones-de-belarmino\/wp-json\/wp\/v2\/posts\/39515\/revisions\/39516"}],"wp:attachment":[{"href":"https:\/\/blogs.elcomercio.es\/reflexiones-de-belarmino\/wp-json\/wp\/v2\/media?parent=39515"}],"wp:term":[{"taxonomy":"category","embeddable":true,"href":"https:\/\/blogs.elcomercio.es\/reflexiones-de-belarmino\/wp-json\/wp\/v2\/categories?post=39515"},{"taxonomy":"post_tag","embeddable":true,"href":"https:\/\/blogs.elcomercio.es\/reflexiones-de-belarmino\/wp-json\/wp\/v2\/tags?post=39515"}],"curies":[{"name":"wp","href":"https:\/\/api.w.org\/{rel}","templated":true}]}}