{"id":39675,"date":"2024-11-05T15:18:01","date_gmt":"2024-11-05T14:18:01","guid":{"rendered":"https:\/\/blogs.elcomercio.es\/reflexiones-de-belarmino\/?p=39675"},"modified":"2024-11-05T15:18:01","modified_gmt":"2024-11-05T14:18:01","slug":"todos-somos-estado-pedro-sanchez-que-lanza-10600-millones-de-ayuda-y-decreta-zona-catastrofica-mazon-aislado-de-su-partido-de-los-vecinos","status":"publish","type":"post","link":"https:\/\/blogs.elcomercio.es\/reflexiones-de-belarmino\/2024\/11\/05\/todos-somos-estado-pedro-sanchez-que-lanza-10600-millones-de-ayuda-y-decreta-zona-catastrofica-mazon-aislado-de-su-partido-de-los-vecinos\/","title":{"rendered":"\u00a1\u00a1\u00a1\u00a1&#8221;TODOS SOMOS ESTADO&#8221;, PEDRO S\u00c1NCHEZ QUE LANZA 10,600 MILLONES DE AYUDA Y DECRETA ZONA CATASTR\u00d3FICA.- MAZ\u00d3N, AISLADO DE SU PARTIDO, DE LOS VECINOS !!!"},"content":{"rendered":"<p><b>Mientras se mantiene\u00a0en 218 los\u00a0fallecidos, desaparece el temor del parking de\u00a0 Aldaia, pero con posibilidades\u00a0de cuerpos que hayan terminado en el mar, poco a poco se empieza a ver una luz. Pedro S\u00e1nchez, ha anunciado, tras el Consejo de Ministros, que se ha declarado ZONA CATASTR\u00d3FICA y ha echado\u00a0a andar un programa de apoyo a la Comunitat Valenciana, donde se han dedicado 10,600 MILLONES DE EUROS, dedicados a las personas, a las pymes, a los ayuntamientos, que incluye recursos para cada damnificado, pago desde el lunes para\u00a0autom\u00f3viles perdidos, construcciones\u00a0afectadas, enseres, y otras medidas desde esa tarde en la p\u00e1gina\u00a0web de Gobierno de Espa\u00f1a, referencia DANA.<\/b><\/p>\n<p><b>Las provocaciones han sido investigadas, separada de los mil y miles\u00a0de voluntarios, mientras el el territorio afectado lentamente empieza a a recuperar.<\/b><\/p>\n<p><b>Feij\u00f3o ha tratado que\u00a0 se decretase el ESTADO DE EMERGENCIA, el gobierno nacional se hiciera cargo de la cat\u00e1strofe, mientras que con todo el poder, Pedro S\u00e1nchez, mantiene todo el APOYO A LA COMUNITAT.<\/b><\/p>\n<p><b>Maz\u00f3n que ayer\u00a0pidi\u00f3 30,000 millones de euros, qued\u00f3 en\u00a0evidencia, ante el pueblo furioso que sabe la verdad, y los barones de sus propios partidos.Do\u00f1a Isabel, se desmarc\u00f3, llorando en el acto, sin pronunciarse.<\/b><\/p>\n<p><b>Lo que queda claro, y recojo la frase de Andr\u00e9s Manuel, &#8220;\u00a1\u00a1EL PUEBLO ES MUCHA\u00a0PIEZA!!!, aplicado en aquellos momentos a M\u00e9xico, pero perfectamente aplicable a los VALENCIANOS.<\/b><\/p>\n<p>&nbsp;<\/p>\n<p>&nbsp;<\/p>\n<!-- AddThis Advanced Settings generic via filter on the_content --><!-- AddThis Share Buttons generic via filter on the_content -->","protected":false},"excerpt":{"rendered":"<p>Mientras se mantiene\u00a0en 218 los\u00a0fallecidos, desaparece el temor del parking de\u00a0 Aldaia, pero con posibilidades\u00a0de cuerpos que hayan terminado en el mar, poco a poco se empieza a ver una luz. Pedro S\u00e1nchez, ha anunciado, tras el Consejo de Ministros, que se ha declarado ZONA CATASTR\u00d3FICA y ha echado\u00a0a andar un programa de apoyo a [&hellip;]<!-- AddThis Advanced Settings generic via filter on get_the_excerpt --><!-- AddThis Share Buttons generic via filter on get_the_excerpt --><\/p>\n","protected":false},"author":16,"featured_media":0,"comment_status":"open","ping_status":"closed","sticky":false,"template":"","format":"standard","meta":[],"categories":[1],"tags":[],"_links":{"self":[{"href":"https:\/\/blogs.elcomercio.es\/reflexiones-de-belarmino\/wp-json\/wp\/v2\/posts\/39675"}],"collection":[{"href":"https:\/\/blogs.elcomercio.es\/reflexiones-de-belarmino\/wp-json\/wp\/v2\/posts"}],"about":[{"href":"https:\/\/blogs.elcomercio.es\/reflexiones-de-belarmino\/wp-json\/wp\/v2\/types\/post"}],"author":[{"embeddable":true,"href":"https:\/\/blogs.elcomercio.es\/reflexiones-de-belarmino\/wp-json\/wp\/v2\/users\/16"}],"replies":[{"embeddable":true,"href":"https:\/\/blogs.elcomercio.es\/reflexiones-de-belarmino\/wp-json\/wp\/v2\/comments?post=39675"}],"version-history":[{"count":2,"href":"https:\/\/blogs.elcomercio.es\/reflexiones-de-belarmino\/wp-json\/wp\/v2\/posts\/39675\/revisions"}],"predecessor-version":[{"id":39677,"href":"https:\/\/blogs.elcomercio.es\/reflexiones-de-belarmino\/wp-json\/wp\/v2\/posts\/39675\/revisions\/39677"}],"wp:attachment":[{"href":"https:\/\/blogs.elcomercio.es\/reflexiones-de-belarmino\/wp-json\/wp\/v2\/media?parent=39675"}],"wp:term":[{"taxonomy":"category","embeddable":true,"href":"https:\/\/blogs.elcomercio.es\/reflexiones-de-belarmino\/wp-json\/wp\/v2\/categories?post=39675"},{"taxonomy":"post_tag","embeddable":true,"href":"https:\/\/blogs.elcomercio.es\/reflexiones-de-belarmino\/wp-json\/wp\/v2\/tags?post=39675"}],"curies":[{"name":"wp","href":"https:\/\/api.w.org\/{rel}","templated":true}]}}