{"id":39683,"date":"2024-11-05T15:53:13","date_gmt":"2024-11-05T14:53:13","guid":{"rendered":"https:\/\/blogs.elcomercio.es\/reflexiones-de-belarmino\/?p=39683"},"modified":"2024-11-05T15:53:13","modified_gmt":"2024-11-05T14:53:13","slug":"iowa-con-6-electores-sorprende-el-triunfo-en-sondeo-ultimo-dandole-a-kamala-el-triunfo-por-3-puntos-estado-siempre-republicano","status":"publish","type":"post","link":"https:\/\/blogs.elcomercio.es\/reflexiones-de-belarmino\/2024\/11\/05\/iowa-con-6-electores-sorprende-el-triunfo-en-sondeo-ultimo-dandole-a-kamala-el-triunfo-por-3-puntos-estado-siempre-republicano\/","title":{"rendered":"\u00a1\u00a1\u00a1\u00a1\u00a1\u00a1 \u00bf IOWA ?. CON 6 ELECTORES, SORPRENDE EL TRIUNFO EN SONDEO \u00daLTIMO D\u00c1NDOLE A KAMALA EL TRIUNFO POR 3 PUNTOS, ESTADO SIEMPRE REPUBLICANO !!!"},"content":{"rendered":"<p><b>Sorprendentemente las miradas llevan dos d\u00edas volcados hacia el peque\u00f1o estado de IOWA, con s\u00f3lo 6 electores. \u00bf Por que ?. Por que Iowa ha votado\u00a0siempre republicano y en la \u00faltima\u00a0encuesta el s\u00e1bado\u00a0de Des Moines Register ,Kamala supera por 3 votos a Trump..<\/b><\/p>\n<p><b>Kamala puede declararse ganadora antes del final del recuento, si tiene bases, adelant\u00e1ndose\u00a0a Trump y su estrategia.<\/b><\/p>\n<!-- AddThis Advanced Settings generic via filter on the_content --><!-- AddThis Share Buttons generic via filter on the_content -->","protected":false},"excerpt":{"rendered":"<p>Sorprendentemente las miradas llevan dos d\u00edas volcados hacia el peque\u00f1o estado de IOWA, con s\u00f3lo 6 electores. \u00bf Por que ?. Por que Iowa ha votado\u00a0siempre republicano y en la \u00faltima\u00a0encuesta el s\u00e1bado\u00a0de Des Moines Register ,Kamala supera por 3 votos a Trump.. Kamala puede declararse ganadora antes del final del recuento, si tiene bases, [&hellip;]<!-- AddThis Advanced Settings generic via filter on get_the_excerpt --><!-- AddThis Share Buttons generic via filter on get_the_excerpt --><\/p>\n","protected":false},"author":16,"featured_media":0,"comment_status":"open","ping_status":"closed","sticky":false,"template":"","format":"standard","meta":[],"categories":[1],"tags":[],"_links":{"self":[{"href":"https:\/\/blogs.elcomercio.es\/reflexiones-de-belarmino\/wp-json\/wp\/v2\/posts\/39683"}],"collection":[{"href":"https:\/\/blogs.elcomercio.es\/reflexiones-de-belarmino\/wp-json\/wp\/v2\/posts"}],"about":[{"href":"https:\/\/blogs.elcomercio.es\/reflexiones-de-belarmino\/wp-json\/wp\/v2\/types\/post"}],"author":[{"embeddable":true,"href":"https:\/\/blogs.elcomercio.es\/reflexiones-de-belarmino\/wp-json\/wp\/v2\/users\/16"}],"replies":[{"embeddable":true,"href":"https:\/\/blogs.elcomercio.es\/reflexiones-de-belarmino\/wp-json\/wp\/v2\/comments?post=39683"}],"version-history":[{"count":2,"href":"https:\/\/blogs.elcomercio.es\/reflexiones-de-belarmino\/wp-json\/wp\/v2\/posts\/39683\/revisions"}],"predecessor-version":[{"id":39685,"href":"https:\/\/blogs.elcomercio.es\/reflexiones-de-belarmino\/wp-json\/wp\/v2\/posts\/39683\/revisions\/39685"}],"wp:attachment":[{"href":"https:\/\/blogs.elcomercio.es\/reflexiones-de-belarmino\/wp-json\/wp\/v2\/media?parent=39683"}],"wp:term":[{"taxonomy":"category","embeddable":true,"href":"https:\/\/blogs.elcomercio.es\/reflexiones-de-belarmino\/wp-json\/wp\/v2\/categories?post=39683"},{"taxonomy":"post_tag","embeddable":true,"href":"https:\/\/blogs.elcomercio.es\/reflexiones-de-belarmino\/wp-json\/wp\/v2\/tags?post=39683"}],"curies":[{"name":"wp","href":"https:\/\/api.w.org\/{rel}","templated":true}]}}