{"id":39686,"date":"2024-11-05T16:40:15","date_gmt":"2024-11-05T15:40:15","guid":{"rendered":"https:\/\/blogs.elcomercio.es\/reflexiones-de-belarmino\/?p=39686"},"modified":"2024-11-05T16:44:57","modified_gmt":"2024-11-05T15:44:57","slug":"impensable-en-mexico-un-gran-avance-en-espana-se-implanta-el-expediente-clinico-integral-digitalizado","status":"publish","type":"post","link":"https:\/\/blogs.elcomercio.es\/reflexiones-de-belarmino\/2024\/11\/05\/impensable-en-mexico-un-gran-avance-en-espana-se-implanta-el-expediente-clinico-integral-digitalizado\/","title":{"rendered":"\u00a1\u00a1\u00a1\u00a1IMPENSABLE EN MEXICO, UN GRAN AVANCE EN ESPA\u00d1A, SE IMPLANTA EL EXPEDIENTE CL\u00cdNICO INTEGRAL DIGITALIZADO !!!"},"content":{"rendered":"<p><b>Llegar a Espa\u00f1a, hace 17 a\u00f1os, era un lujo observar el Sistema P\u00fablico\u00a0de Salud. Cuando hace 8 a\u00f1os me operaron de c\u00e1ncer, en la piel, ya superado, al salir de la anestesia, y preguntarme la doctora del Hospital de Cabue\u00f1es: &#8221; Rafael, \u00bf sabe quien soy ?&#8221;. &#8221; Por supuesto es la doctora que me acaba de operar, y quiero decirle que en cuanto pueda saldr\u00e9 a la calle a defender la Sanidad P\u00fablica&#8221;, que debe de haber extra\u00f1ado a aquella mujer y su equipo.<\/b><\/p>\n<p><b>Si, era mi mente inconsciente, la que respond\u00eda. Surg\u00eda de ese inconsciente, de lo m\u00e1s profundo, lo que habia significado la Salud Publica de Espa\u00f1a, pero, desde siempre, en 17 a\u00f1os, he tenido mas que agradecimientos a la salud\u00a0p\u00fablica.<\/b><\/p>\n<p><b>All\u00e1, hace 50 a\u00f1os, en plena construcci\u00f3n del Partido Socialista de los Trabajadores, me toc\u00f3\u00a0hacerme cargo de la lucha de los tabacaleros en M\u00e9xico, en Veracruz y Tamaulipas(estados donde se cultivaba el tabaco negro). Para un descendiente de la cuenca minera asturiana,\u00a0 hijo de exiliados\u00a0y &#8220;urbano&#8221; aquellos dos a\u00f1os fueron de un gran aprendizaje. Recuerdo, de aquellos movimientos de la lucha que lleg\u00f3\u00a0hasta Los Pinos, el d\u00eda que me enter\u00e9 de lo que le habia pasado a Juan, un joven campesino\u00a0tabacalero de 25 a\u00f1os.<\/b><\/p>\n<p><b>Sin ning\u00fan apoyo\u00a0 cada campesino sab\u00eda\u00a0que siempre ten\u00eda que tener 10,000 pesos. \u00bf Para\u00a0qu\u00e9?. Para que si fallece\u00a0alguien de la familia, fuera para enterrarla.<\/b><\/p>\n<p><b>Un d\u00eda, que no lo vi una asamblea, me cont\u00f3 la historia. Su esposa, Maria, de 21 a\u00f1os, habia enfermado y trasladada a Tuxpan , Veracruz, a la ciudad de donde a\u00f1os atr\u00e1s hab\u00edan\u00a0salido Fidel, Ra\u00fal\u00a0y el Che, con el Granma.\u00a0 Juan dispuso de esos 10,000 para\u00a0poder ayudarla a vivir, pero ello falleci\u00f3.\u00a0<\/b><\/p>\n<p><strong>Juan, a las 7 de la noche se encontr\u00f3 en el hospital, sin dinero y el cuerpo de su Mar\u00eda. Tres horas mas tarde consigui\u00f3 que alguien los llevase a su pueblo, en Agua Dulce, Veracruz.<\/strong><\/p>\n<p><b>Su pueblo, aislado, peque\u00f1o( sin ninguna energ\u00eda, mas que el sol ), al que habia que cruzar un r\u00edo, lleg\u00f3 a las 12 de la noche y le pidi\u00f3 al barquero que\u00a0 por favor lo cruzase. Imagin\u00e9 la escena.A las 12 de la noche, sin luz ninguna, cargando a la esposa, empez\u00f3 la caminata de 1 km. hasta su casa.<\/b><\/p>\n<p><strong> Soledad infinita .<\/strong><\/p>\n<p><b>Un d\u00eda fu\u00ed en Cancun, antes de venir al IMSS de Canc\u00fan. Tuve que llegar antes de las 7 de la ma\u00f1ana, para entrar y ser un de los 40, que podr\u00eda\u00a0tener cita ese d\u00eda, a las 5 de la tarde.<\/b><\/p>\n<p><b>De ese marco mexicano, llegue a Espa\u00f1a y a Asturias.<\/b><\/p>\n<p><b>Pero de aquella\u00a0lucha, con centenares de miles m\u00e1s, como yo, de los sin nombre, ganamos las elecciones del 2018, con Andr\u00e9s Manuel L\u00f3pez Obrador. Un d\u00eda al ver diariamente\u00a0La Ma\u00f1anera, lo escuche, y lo cre\u00ed, ante el\u00a0<\/b><b>escepticismo, lo logr\u00f3 y HA SIDO CREADO EL SISTEMA NACIONAL DE SALUD UNIVERSAL Y GRATUITO.<\/b><\/p>\n<p><b>Acostumbrado a vivir con 15 euros diarios, feliz, durante 17 a\u00f1os,pensaba, y me sent\u00eda\u00a0orgulloso\u00a0internamente. Mi herencia a mis hijas y nietos\u00a0 habia sido ser uno de los millones que luchamos\u00a0y lo logramos. : Un nuevo pa\u00eds.<\/b><\/p>\n<p><b>Hace un momento dentro del Sistema Nacional de Salud Universal y gratuito que cubre a 133 millones de personas, el ejecutor de la idea del presidente Zo\u00e9\u00a0Robledo, ante la presidenta Sheinbaum,, anunciaba la creaci\u00f3n del EXPEDIENTE CL\u00cdNICO\u00a0INTEGRAL\u00a0 DIGITALIZADO.<\/b><\/p>\n<p><b>Haber vivido, hasta ahora, los 84 a\u00f1os consecuente con los principios que hered\u00e9 y que han\u00a0heredado\u00a0mis hijas, ES LA RAZ\u00d3N\u00a0POR LAS QUE DOY GRACIAS A LA VIDA, ahora en el Cant\u00e1brico.<\/b><\/p>\n<p>&nbsp;<\/p>\n<p>&nbsp;<\/p>\n<p>&nbsp;<\/p>\n<p>&nbsp;<\/p>\n<p>&nbsp;<\/p>\n<p>&nbsp;<\/p>\n<!-- AddThis Advanced Settings generic via filter on the_content --><!-- AddThis Share Buttons generic via filter on the_content -->","protected":false},"excerpt":{"rendered":"<p>Llegar a Espa\u00f1a, hace 17 a\u00f1os, era un lujo observar el Sistema P\u00fablico\u00a0de Salud. Cuando hace 8 a\u00f1os me operaron de c\u00e1ncer, en la piel, ya superado, al salir de la anestesia, y preguntarme la doctora del Hospital de Cabue\u00f1es: &#8221; Rafael, \u00bf sabe quien soy ?&#8221;. &#8221; Por supuesto es la doctora que me [&hellip;]<!-- AddThis Advanced Settings generic via filter on get_the_excerpt --><!-- AddThis Share Buttons generic via filter on get_the_excerpt --><\/p>\n","protected":false},"author":16,"featured_media":0,"comment_status":"open","ping_status":"closed","sticky":false,"template":"","format":"standard","meta":[],"categories":[1],"tags":[],"_links":{"self":[{"href":"https:\/\/blogs.elcomercio.es\/reflexiones-de-belarmino\/wp-json\/wp\/v2\/posts\/39686"}],"collection":[{"href":"https:\/\/blogs.elcomercio.es\/reflexiones-de-belarmino\/wp-json\/wp\/v2\/posts"}],"about":[{"href":"https:\/\/blogs.elcomercio.es\/reflexiones-de-belarmino\/wp-json\/wp\/v2\/types\/post"}],"author":[{"embeddable":true,"href":"https:\/\/blogs.elcomercio.es\/reflexiones-de-belarmino\/wp-json\/wp\/v2\/users\/16"}],"replies":[{"embeddable":true,"href":"https:\/\/blogs.elcomercio.es\/reflexiones-de-belarmino\/wp-json\/wp\/v2\/comments?post=39686"}],"version-history":[{"count":5,"href":"https:\/\/blogs.elcomercio.es\/reflexiones-de-belarmino\/wp-json\/wp\/v2\/posts\/39686\/revisions"}],"predecessor-version":[{"id":39691,"href":"https:\/\/blogs.elcomercio.es\/reflexiones-de-belarmino\/wp-json\/wp\/v2\/posts\/39686\/revisions\/39691"}],"wp:attachment":[{"href":"https:\/\/blogs.elcomercio.es\/reflexiones-de-belarmino\/wp-json\/wp\/v2\/media?parent=39686"}],"wp:term":[{"taxonomy":"category","embeddable":true,"href":"https:\/\/blogs.elcomercio.es\/reflexiones-de-belarmino\/wp-json\/wp\/v2\/categories?post=39686"},{"taxonomy":"post_tag","embeddable":true,"href":"https:\/\/blogs.elcomercio.es\/reflexiones-de-belarmino\/wp-json\/wp\/v2\/tags?post=39686"}],"curies":[{"name":"wp","href":"https:\/\/api.w.org\/{rel}","templated":true}]}}