{"id":39751,"date":"2024-11-07T10:24:26","date_gmt":"2024-11-07T09:24:26","guid":{"rendered":"https:\/\/blogs.elcomercio.es\/reflexiones-de-belarmino\/?p=39751"},"modified":"2024-11-07T10:24:26","modified_gmt":"2024-11-07T09:24:26","slug":"los-anos-del-negacionismo-climatico-le-estalla-al-pp-en-la-dana","status":"publish","type":"post","link":"https:\/\/blogs.elcomercio.es\/reflexiones-de-belarmino\/2024\/11\/07\/los-anos-del-negacionismo-climatico-le-estalla-al-pp-en-la-dana\/","title":{"rendered":"\u00a1\u00a1\u00a1\u00a1LOS A\u00d1OS DEL NEGACIONISMO CLIM\u00c1TICO LE ESTALLA AL PP EN LA DANA !!!"},"content":{"rendered":"<p><b>Ten\u00eda que ser. Todo empezo\u00a0con Aznar, continu\u00f3 con Rajoy y su primo, sigui\u00f3 con Ayuso y Feij\u00f3o y, finalmente les estall\u00f3 en la DANA con el inepto Carlos Maz\u00f3n, que nadie sabe que hizo en las 5 horas claves, de la 2 de la tarde, hasta las 8 que emiti\u00f3 la alarma.<\/b><\/p>\n<p><strong>Pareciera que la naturaleza, cansada de avisar,\u00a0 diese ese zarpazo donde estaba uno de los m\u00e1s mediocres populares: Carlos Maz\u00f3n. Digno continuador del corrupto Zaplana, de aquellos brincos de Rita Barber\u00e1.<\/strong><\/p>\n<p><b>Pero claro, no hay mal que por\u00a0bien no venga. No saben los partidos, lo que se est\u00e1 formando, entre ellos solos, los valencianos, el pueblo, pueblo.\u00a0<\/b><\/p>\n<p><b>Aviso a todos los espa\u00f1oles. \u00bf Queremos seguir retando a\u00a0la naturaleza?, \u00bf SABEMOS LO QUE\u00a0 NOS ESPERAR\u00cdA\u00a0SI LLEGAN AL GOBIERNO EL PP Y VOX?.<\/b><\/p>\n<p><strong>Y con el\u00a0 NEGACIONISTA MAYOR, A TODO TREN, EN WASHINGTON.<\/strong><\/p>\n<p>&nbsp;<\/p>\n<p>&nbsp;<\/p>\n<!-- AddThis Advanced Settings generic via filter on the_content --><!-- AddThis Share Buttons generic via filter on the_content -->","protected":false},"excerpt":{"rendered":"<p>Ten\u00eda que ser. Todo empezo\u00a0con Aznar, continu\u00f3 con Rajoy y su primo, sigui\u00f3 con Ayuso y Feij\u00f3o y, finalmente les estall\u00f3 en la DANA con el inepto Carlos Maz\u00f3n, que nadie sabe que hizo en las 5 horas claves, de la 2 de la tarde, hasta las 8 que emiti\u00f3 la alarma. Pareciera que la [&hellip;]<!-- AddThis Advanced Settings generic via filter on get_the_excerpt --><!-- AddThis Share Buttons generic via filter on get_the_excerpt --><\/p>\n","protected":false},"author":16,"featured_media":0,"comment_status":"open","ping_status":"closed","sticky":false,"template":"","format":"standard","meta":[],"categories":[1],"tags":[],"_links":{"self":[{"href":"https:\/\/blogs.elcomercio.es\/reflexiones-de-belarmino\/wp-json\/wp\/v2\/posts\/39751"}],"collection":[{"href":"https:\/\/blogs.elcomercio.es\/reflexiones-de-belarmino\/wp-json\/wp\/v2\/posts"}],"about":[{"href":"https:\/\/blogs.elcomercio.es\/reflexiones-de-belarmino\/wp-json\/wp\/v2\/types\/post"}],"author":[{"embeddable":true,"href":"https:\/\/blogs.elcomercio.es\/reflexiones-de-belarmino\/wp-json\/wp\/v2\/users\/16"}],"replies":[{"embeddable":true,"href":"https:\/\/blogs.elcomercio.es\/reflexiones-de-belarmino\/wp-json\/wp\/v2\/comments?post=39751"}],"version-history":[{"count":1,"href":"https:\/\/blogs.elcomercio.es\/reflexiones-de-belarmino\/wp-json\/wp\/v2\/posts\/39751\/revisions"}],"predecessor-version":[{"id":39752,"href":"https:\/\/blogs.elcomercio.es\/reflexiones-de-belarmino\/wp-json\/wp\/v2\/posts\/39751\/revisions\/39752"}],"wp:attachment":[{"href":"https:\/\/blogs.elcomercio.es\/reflexiones-de-belarmino\/wp-json\/wp\/v2\/media?parent=39751"}],"wp:term":[{"taxonomy":"category","embeddable":true,"href":"https:\/\/blogs.elcomercio.es\/reflexiones-de-belarmino\/wp-json\/wp\/v2\/categories?post=39751"},{"taxonomy":"post_tag","embeddable":true,"href":"https:\/\/blogs.elcomercio.es\/reflexiones-de-belarmino\/wp-json\/wp\/v2\/tags?post=39751"}],"curies":[{"name":"wp","href":"https:\/\/api.w.org\/{rel}","templated":true}]}}