{"id":39864,"date":"2024-11-10T18:44:17","date_gmt":"2024-11-10T17:44:17","guid":{"rendered":"https:\/\/blogs.elcomercio.es\/reflexiones-de-belarmino\/?p=39864"},"modified":"2024-11-10T18:44:17","modified_gmt":"2024-11-10T17:44:17","slug":"el-papa-francisco-se-prepara-para-la-embestida-de-la-internacional-comunista-que-han-ido-y-van-tras-el","status":"publish","type":"post","link":"https:\/\/blogs.elcomercio.es\/reflexiones-de-belarmino\/2024\/11\/10\/el-papa-francisco-se-prepara-para-la-embestida-de-la-internacional-comunista-que-han-ido-y-van-tras-el\/","title":{"rendered":"\u00a1\u00a1\u00a1EL PAPA FRANCISCO SE PREPARA PARA LA EMBESTIDA DE LA INTERNACIONAL COMUNISTA, QUE HAN IDO Y VAN TRAS \u00c9L !!!"},"content":{"rendered":"<p><b>No es ninguna novedad los Negacionistas, los Evang\u00e9licos, en s\u00edntesis\u00a0todos lo que van tras Trump, no lo quieren\u00a0ver ni en pintura.,El Papa jesuita, que retom\u00f3 los acuerdos del Concilio Vaticano II,, est\u00e1 preparado\u00a0 a.<\/b><b> sus 88 a\u00f1os para el embate a su proyecto. Logr\u00f3 la transformaci\u00f3n\u00a0de la Curia, el centro del poder econ\u00f3mico, pol\u00edtico\u00a0y enredo de pederastas, y ha logrado elegir al 70 % de los cardenales que en su c\u00f3nclave, decidir\u00e1n\u00a0 sobre su sucesi\u00f3n.\u00a0<\/b><\/p>\n<p><b>Estados Unidos y todos los negacionista que lo siguen, con el apoyo de Netanyahu, y de los paises arabes sunitas, est\u00e1n listos, como la Uni\u00f3n Europea,<\/b><\/p>\n<p><b>Pero tambi\u00e9n lo est\u00e1n BRASIL, RUSIA, INDIA, CHINA Y SUD\u00c1FRICA\u00a0Y EL SUR GLOBAL Y LA CHIITAS.<\/b><\/p>\n<p>&nbsp;<\/p>\n<!-- AddThis Advanced Settings generic via filter on the_content --><!-- AddThis Share Buttons generic via filter on the_content -->","protected":false},"excerpt":{"rendered":"<p>No es ninguna novedad los Negacionistas, los Evang\u00e9licos, en s\u00edntesis\u00a0todos lo que van tras Trump, no lo quieren\u00a0ver ni en pintura.,El Papa jesuita, que retom\u00f3 los acuerdos del Concilio Vaticano II,, est\u00e1 preparado\u00a0 a. sus 88 a\u00f1os para el embate a su proyecto. Logr\u00f3 la transformaci\u00f3n\u00a0de la Curia, el centro del poder econ\u00f3mico, pol\u00edtico\u00a0y enredo [&hellip;]<!-- AddThis Advanced Settings generic via filter on get_the_excerpt --><!-- AddThis Share Buttons generic via filter on get_the_excerpt --><\/p>\n","protected":false},"author":16,"featured_media":0,"comment_status":"open","ping_status":"closed","sticky":false,"template":"","format":"standard","meta":[],"categories":[1],"tags":[],"_links":{"self":[{"href":"https:\/\/blogs.elcomercio.es\/reflexiones-de-belarmino\/wp-json\/wp\/v2\/posts\/39864"}],"collection":[{"href":"https:\/\/blogs.elcomercio.es\/reflexiones-de-belarmino\/wp-json\/wp\/v2\/posts"}],"about":[{"href":"https:\/\/blogs.elcomercio.es\/reflexiones-de-belarmino\/wp-json\/wp\/v2\/types\/post"}],"author":[{"embeddable":true,"href":"https:\/\/blogs.elcomercio.es\/reflexiones-de-belarmino\/wp-json\/wp\/v2\/users\/16"}],"replies":[{"embeddable":true,"href":"https:\/\/blogs.elcomercio.es\/reflexiones-de-belarmino\/wp-json\/wp\/v2\/comments?post=39864"}],"version-history":[{"count":1,"href":"https:\/\/blogs.elcomercio.es\/reflexiones-de-belarmino\/wp-json\/wp\/v2\/posts\/39864\/revisions"}],"predecessor-version":[{"id":39865,"href":"https:\/\/blogs.elcomercio.es\/reflexiones-de-belarmino\/wp-json\/wp\/v2\/posts\/39864\/revisions\/39865"}],"wp:attachment":[{"href":"https:\/\/blogs.elcomercio.es\/reflexiones-de-belarmino\/wp-json\/wp\/v2\/media?parent=39864"}],"wp:term":[{"taxonomy":"category","embeddable":true,"href":"https:\/\/blogs.elcomercio.es\/reflexiones-de-belarmino\/wp-json\/wp\/v2\/categories?post=39864"},{"taxonomy":"post_tag","embeddable":true,"href":"https:\/\/blogs.elcomercio.es\/reflexiones-de-belarmino\/wp-json\/wp\/v2\/tags?post=39864"}],"curies":[{"name":"wp","href":"https:\/\/api.w.org\/{rel}","templated":true}]}}