{"id":39920,"date":"2024-11-12T10:19:47","date_gmt":"2024-11-12T09:19:47","guid":{"rendered":"https:\/\/blogs.elcomercio.es\/reflexiones-de-belarmino\/?p=39920"},"modified":"2024-11-12T10:19:47","modified_gmt":"2024-11-12T09:19:47","slug":"tenemos-un-gobierno-fallidofeijoo-se-lanza-con-todo-contra-sanchez","status":"publish","type":"post","link":"https:\/\/blogs.elcomercio.es\/reflexiones-de-belarmino\/2024\/11\/12\/tenemos-un-gobierno-fallidofeijoo-se-lanza-con-todo-contra-sanchez\/","title":{"rendered":"\u00a1\u00a1\u00a1&#8221; TENEMOS UN GOBIERNO FALLIDO&#8221;:FEIJ\u00d3O SE LANZA CON TODO CONTRA S\u00c1NCHEZ !!!!"},"content":{"rendered":"<p><b>Incapaz y capaz de todo, el Partido Popular decidi\u00f3 que\u00a0&#8220;ESPA\u00d1A ES UN ESTADO FALLIDO POR CULPA DE\u00a0PEDRO S\u00c1NCHEZ&#8221;. Palabras gruesas&#8230;.de Feij\u00f3o.<\/b><\/p>\n<!-- AddThis Advanced Settings generic via filter on the_content --><!-- AddThis Share Buttons generic via filter on the_content -->","protected":false},"excerpt":{"rendered":"<p>Incapaz y capaz de todo, el Partido Popular decidi\u00f3 que\u00a0&#8220;ESPA\u00d1A ES UN ESTADO FALLIDO POR CULPA DE\u00a0PEDRO S\u00c1NCHEZ&#8221;. Palabras gruesas&#8230;.de Feij\u00f3o.<!-- AddThis Advanced Settings generic via filter on get_the_excerpt --><!-- AddThis Share Buttons generic via filter on get_the_excerpt --><\/p>\n","protected":false},"author":16,"featured_media":0,"comment_status":"open","ping_status":"closed","sticky":false,"template":"","format":"standard","meta":[],"categories":[1],"tags":[],"_links":{"self":[{"href":"https:\/\/blogs.elcomercio.es\/reflexiones-de-belarmino\/wp-json\/wp\/v2\/posts\/39920"}],"collection":[{"href":"https:\/\/blogs.elcomercio.es\/reflexiones-de-belarmino\/wp-json\/wp\/v2\/posts"}],"about":[{"href":"https:\/\/blogs.elcomercio.es\/reflexiones-de-belarmino\/wp-json\/wp\/v2\/types\/post"}],"author":[{"embeddable":true,"href":"https:\/\/blogs.elcomercio.es\/reflexiones-de-belarmino\/wp-json\/wp\/v2\/users\/16"}],"replies":[{"embeddable":true,"href":"https:\/\/blogs.elcomercio.es\/reflexiones-de-belarmino\/wp-json\/wp\/v2\/comments?post=39920"}],"version-history":[{"count":1,"href":"https:\/\/blogs.elcomercio.es\/reflexiones-de-belarmino\/wp-json\/wp\/v2\/posts\/39920\/revisions"}],"predecessor-version":[{"id":39921,"href":"https:\/\/blogs.elcomercio.es\/reflexiones-de-belarmino\/wp-json\/wp\/v2\/posts\/39920\/revisions\/39921"}],"wp:attachment":[{"href":"https:\/\/blogs.elcomercio.es\/reflexiones-de-belarmino\/wp-json\/wp\/v2\/media?parent=39920"}],"wp:term":[{"taxonomy":"category","embeddable":true,"href":"https:\/\/blogs.elcomercio.es\/reflexiones-de-belarmino\/wp-json\/wp\/v2\/categories?post=39920"},{"taxonomy":"post_tag","embeddable":true,"href":"https:\/\/blogs.elcomercio.es\/reflexiones-de-belarmino\/wp-json\/wp\/v2\/tags?post=39920"}],"curies":[{"name":"wp","href":"https:\/\/api.w.org\/{rel}","templated":true}]}}