{"id":39928,"date":"2024-11-12T11:43:57","date_gmt":"2024-11-12T10:43:57","guid":{"rendered":"https:\/\/blogs.elcomercio.es\/reflexiones-de-belarmino\/?p=39928"},"modified":"2024-11-12T11:43:57","modified_gmt":"2024-11-12T10:43:57","slug":"pese-a-la-critica-de-bbva-el-millon-de-viviendas-nuevas-las-construira-el-estado-2-5-millones-de-rentas-congeladas-desde-ayer","status":"publish","type":"post","link":"https:\/\/blogs.elcomercio.es\/reflexiones-de-belarmino\/2024\/11\/12\/pese-a-la-critica-de-bbva-el-millon-de-viviendas-nuevas-las-construira-el-estado-2-5-millones-de-rentas-congeladas-desde-ayer\/","title":{"rendered":"\u00a1\u00a1\u00a1\u00a1PESE A LA CR\u00cdTICA DE BBVA, EL MILL\u00d3N DE VIVIENDAS NUEVAS LAS CONSTRUIR\u00c1 EL ESTADO, 2.5 MILLONES DE RENTAS CONGELADAS DESDE AYER !!!"},"content":{"rendered":"<p><b>Ayer, la presidenta, con sus t\u00e9cnicos\u00a0que son los que explican, y ella s\u00f3lo interviene por si no hay quedado muy claro para toda la poblaci\u00f3n y,\u00a0 m\u00e1s tarde contesta las preguntas del centenar\u00a0de periodistas\u00a0de todo el pa\u00eds, sorteados para cada Ma\u00f1anera, contest\u00f3 indirectamente\u00a0al BBVA, que se opon\u00eda a que el gobierno, a trav\u00e9s del INFONAVIT\u00a0construyera el 1,000,000 de viviendas, argumentando que esa tarea era de la iniciativa\u00a0privada..<\/b><\/p>\n<p><b>Ayer, ya con avance en el PROGRAMA DE VIVIENDA(derecho constitucional ), explic\u00f3 como, cuando y quien va a construir ese MILL\u00d3N\u00a0DE CASAS.Reiter\u00f3 que ser\u00e1 el Estado a trav\u00e9s del Infonavit. Adem\u00e1s se van a otorgar\u00a0fondos para 500,000 viviendas sean reparadas.<\/b><\/p>\n<p><b>Explic\u00f3, c\u00f3mo\u00a0desde 2013, los cr\u00e9ditos\u00a0al Infonavit, eran una trampa para los trabajadores. Un cr\u00e9dito\u00a0de 290,000 pesos, a 30 a\u00f1os, al terminar el derechohabiente deber\u00eda 5 MILLONES DE PESOS.Por ello, a partir del 1 de diciembre, quedan CONGELADAS LAS RENTAS de los cr\u00e9ditos firmados desde 2013.<\/b><\/p>\n<p><b>M\u00e9xico, como toda Am\u00e9rica Latina, en sus grandes urbes, los campesinos en busca de trabajo EDIFICARON\u00a0EN LOS MONTES\u00a0 DE ALREDEDOR, sus propias casas, tradici\u00f3n campesina de a\u00f1os. Los exiliados venezolanos en Espa\u00f1a, los llamaban &#8221; los monos&#8221;.Por ello, el Plan Nacional de Vivienda, va a escriturar a m\u00e1s de\u00a01,000,000 de viviendas que no tienen escrituras.<\/b><\/p>\n<p>&nbsp;<\/p>\n<p>&nbsp;<\/p>\n<p>&nbsp;<\/p>\n<p>&nbsp;<\/p>\n<p>&nbsp;<\/p>\n<!-- AddThis Advanced Settings generic via filter on the_content --><!-- AddThis Share Buttons generic via filter on the_content -->","protected":false},"excerpt":{"rendered":"<p>Ayer, la presidenta, con sus t\u00e9cnicos\u00a0que son los que explican, y ella s\u00f3lo interviene por si no hay quedado muy claro para toda la poblaci\u00f3n y,\u00a0 m\u00e1s tarde contesta las preguntas del centenar\u00a0de periodistas\u00a0de todo el pa\u00eds, sorteados para cada Ma\u00f1anera, contest\u00f3 indirectamente\u00a0al BBVA, que se opon\u00eda a que el gobierno, a trav\u00e9s del INFONAVIT\u00a0construyera [&hellip;]<!-- AddThis Advanced Settings generic via filter on get_the_excerpt --><!-- AddThis Share Buttons generic via filter on get_the_excerpt --><\/p>\n","protected":false},"author":16,"featured_media":0,"comment_status":"open","ping_status":"closed","sticky":false,"template":"","format":"standard","meta":[],"categories":[1],"tags":[],"_links":{"self":[{"href":"https:\/\/blogs.elcomercio.es\/reflexiones-de-belarmino\/wp-json\/wp\/v2\/posts\/39928"}],"collection":[{"href":"https:\/\/blogs.elcomercio.es\/reflexiones-de-belarmino\/wp-json\/wp\/v2\/posts"}],"about":[{"href":"https:\/\/blogs.elcomercio.es\/reflexiones-de-belarmino\/wp-json\/wp\/v2\/types\/post"}],"author":[{"embeddable":true,"href":"https:\/\/blogs.elcomercio.es\/reflexiones-de-belarmino\/wp-json\/wp\/v2\/users\/16"}],"replies":[{"embeddable":true,"href":"https:\/\/blogs.elcomercio.es\/reflexiones-de-belarmino\/wp-json\/wp\/v2\/comments?post=39928"}],"version-history":[{"count":2,"href":"https:\/\/blogs.elcomercio.es\/reflexiones-de-belarmino\/wp-json\/wp\/v2\/posts\/39928\/revisions"}],"predecessor-version":[{"id":39930,"href":"https:\/\/blogs.elcomercio.es\/reflexiones-de-belarmino\/wp-json\/wp\/v2\/posts\/39928\/revisions\/39930"}],"wp:attachment":[{"href":"https:\/\/blogs.elcomercio.es\/reflexiones-de-belarmino\/wp-json\/wp\/v2\/media?parent=39928"}],"wp:term":[{"taxonomy":"category","embeddable":true,"href":"https:\/\/blogs.elcomercio.es\/reflexiones-de-belarmino\/wp-json\/wp\/v2\/categories?post=39928"},{"taxonomy":"post_tag","embeddable":true,"href":"https:\/\/blogs.elcomercio.es\/reflexiones-de-belarmino\/wp-json\/wp\/v2\/tags?post=39928"}],"curies":[{"name":"wp","href":"https:\/\/api.w.org\/{rel}","templated":true}]}}