{"id":39933,"date":"2024-11-12T12:08:57","date_gmt":"2024-11-12T11:08:57","guid":{"rendered":"https:\/\/blogs.elcomercio.es\/reflexiones-de-belarmino\/?p=39933"},"modified":"2024-11-12T12:08:57","modified_gmt":"2024-11-12T11:08:57","slug":"europa-no-puede-depender-del-humor-de-los-norteamericanos-borrell-a-zelenski","status":"publish","type":"post","link":"https:\/\/blogs.elcomercio.es\/reflexiones-de-belarmino\/2024\/11\/12\/europa-no-puede-depender-del-humor-de-los-norteamericanos-borrell-a-zelenski\/","title":{"rendered":"\u00a1\u00a1\u00a1\u00a1&#8221; EUROPA NO PUEDE DEPENDER DEL &#8221; HUMOR&#8221; DE LOS NORTEAMERICANOS&#8221;: BORRELL A ZELENSKI !!!"},"content":{"rendered":"<p><span style=\"text-decoration: underline\"><em><strong>&#8220;EUROPA NO PUEDE DENPENDER DEL HUMOR DE LOS ESTADOS UNIDOS&#8221;<\/strong><\/em><\/span>:\u00a0<strong>Borrel al despedirse de Zelenski.<\/strong><\/p>\n<p><b>No se\u00f1or Borrell, tras su fracaso en Europa, en Venezuela, usted que ha liderado\u00a0con Zelenski a su lado, el &#8220;salvamento ante occidente&#8221;, no puede hablar de la VOLUNTAD, nos guste o no, DEL PUEBLO NORTEAMERICANO, como si fuere el HUMOR DE LOS NORTEAMERICANOS.<\/b><\/p>\n<p><b>Hombre que estuvo a punto de liderar\u00a0el Gobierno Socialista\u00a0 y que venido a menos, se refugi\u00f3 en Europa, vivi\u00f3 sus momentos de gloria COMO DEFENSOR A ULTRANZA DE OCCIDENTE, ayer en su adi\u00f3s a Zelenski, en Kiev, mostr\u00f3 que es su final\u00a0<\/b><b>pol\u00edtico.<\/b><\/p>\n<p>&nbsp;<\/p>\n<!-- AddThis Advanced Settings generic via filter on the_content --><!-- AddThis Share Buttons generic via filter on the_content -->","protected":false},"excerpt":{"rendered":"<p>&#8220;EUROPA NO PUEDE DENPENDER DEL HUMOR DE LOS ESTADOS UNIDOS&#8221;:\u00a0Borrel al despedirse de Zelenski. No se\u00f1or Borrell, tras su fracaso en Europa, en Venezuela, usted que ha liderado\u00a0con Zelenski a su lado, el &#8220;salvamento ante occidente&#8221;, no puede hablar de la VOLUNTAD, nos guste o no, DEL PUEBLO NORTEAMERICANO, como si fuere el HUMOR DE [&hellip;]<!-- AddThis Advanced Settings generic via filter on get_the_excerpt --><!-- AddThis Share Buttons generic via filter on get_the_excerpt --><\/p>\n","protected":false},"author":16,"featured_media":0,"comment_status":"open","ping_status":"closed","sticky":false,"template":"","format":"standard","meta":[],"categories":[1],"tags":[],"_links":{"self":[{"href":"https:\/\/blogs.elcomercio.es\/reflexiones-de-belarmino\/wp-json\/wp\/v2\/posts\/39933"}],"collection":[{"href":"https:\/\/blogs.elcomercio.es\/reflexiones-de-belarmino\/wp-json\/wp\/v2\/posts"}],"about":[{"href":"https:\/\/blogs.elcomercio.es\/reflexiones-de-belarmino\/wp-json\/wp\/v2\/types\/post"}],"author":[{"embeddable":true,"href":"https:\/\/blogs.elcomercio.es\/reflexiones-de-belarmino\/wp-json\/wp\/v2\/users\/16"}],"replies":[{"embeddable":true,"href":"https:\/\/blogs.elcomercio.es\/reflexiones-de-belarmino\/wp-json\/wp\/v2\/comments?post=39933"}],"version-history":[{"count":1,"href":"https:\/\/blogs.elcomercio.es\/reflexiones-de-belarmino\/wp-json\/wp\/v2\/posts\/39933\/revisions"}],"predecessor-version":[{"id":39934,"href":"https:\/\/blogs.elcomercio.es\/reflexiones-de-belarmino\/wp-json\/wp\/v2\/posts\/39933\/revisions\/39934"}],"wp:attachment":[{"href":"https:\/\/blogs.elcomercio.es\/reflexiones-de-belarmino\/wp-json\/wp\/v2\/media?parent=39933"}],"wp:term":[{"taxonomy":"category","embeddable":true,"href":"https:\/\/blogs.elcomercio.es\/reflexiones-de-belarmino\/wp-json\/wp\/v2\/categories?post=39933"},{"taxonomy":"post_tag","embeddable":true,"href":"https:\/\/blogs.elcomercio.es\/reflexiones-de-belarmino\/wp-json\/wp\/v2\/tags?post=39933"}],"curies":[{"name":"wp","href":"https:\/\/api.w.org\/{rel}","templated":true}]}}