{"id":39943,"date":"2024-11-13T10:53:37","date_gmt":"2024-11-13T09:53:37","guid":{"rendered":"https:\/\/blogs.elcomercio.es\/reflexiones-de-belarmino\/?p=39943"},"modified":"2024-11-13T10:53:37","modified_gmt":"2024-11-13T09:53:37","slug":"elon-musk-se-dispone-a-hacer-cimbrar-el-estado-departamento-de-eficiencia-gubernamental","status":"publish","type":"post","link":"https:\/\/blogs.elcomercio.es\/reflexiones-de-belarmino\/2024\/11\/13\/elon-musk-se-dispone-a-hacer-cimbrar-el-estado-departamento-de-eficiencia-gubernamental\/","title":{"rendered":"\u00a1\u00a1\u00a1\u00a1\u00a1\u00a1ELON MUSK SE DISPONE A  HACER&#8221; CIMBRAR EL ESTADO&#8221;.-DEPARTAMENTO DE EFICIENCIA GUBERNAMENTAL !!!"},"content":{"rendered":"<p><b>Con un hombre del nivel excepcional de Elon Musk, ustedes puede &#8220;pedirle un favor en bien\u00a0de la Patria&#8221;. LO har\u00e1 muy bien, y todos sus negocios ir\u00e1n en auge, a los 200,000 millones de d\u00f3lares, antes de la campa\u00f1a, en 3 meses ya est\u00e1 en 250,000 millones de d\u00f3lares.<\/b><\/p>\n<p><b>Su frase, habla por s\u00ed\u00a0s\u00f3la: VOY A HACER CIMBRAR EL ESTADO &#8220;<\/b><\/p>\n<!-- AddThis Advanced Settings generic via filter on the_content --><!-- AddThis Share Buttons generic via filter on the_content -->","protected":false},"excerpt":{"rendered":"<p>Con un hombre del nivel excepcional de Elon Musk, ustedes puede &#8220;pedirle un favor en bien\u00a0de la Patria&#8221;. LO har\u00e1 muy bien, y todos sus negocios ir\u00e1n en auge, a los 200,000 millones de d\u00f3lares, antes de la campa\u00f1a, en 3 meses ya est\u00e1 en 250,000 millones de d\u00f3lares. Su frase, habla por s\u00ed\u00a0s\u00f3la: VOY [&hellip;]<!-- AddThis Advanced Settings generic via filter on get_the_excerpt --><!-- AddThis Share Buttons generic via filter on get_the_excerpt --><\/p>\n","protected":false},"author":16,"featured_media":0,"comment_status":"open","ping_status":"closed","sticky":false,"template":"","format":"standard","meta":[],"categories":[1],"tags":[],"_links":{"self":[{"href":"https:\/\/blogs.elcomercio.es\/reflexiones-de-belarmino\/wp-json\/wp\/v2\/posts\/39943"}],"collection":[{"href":"https:\/\/blogs.elcomercio.es\/reflexiones-de-belarmino\/wp-json\/wp\/v2\/posts"}],"about":[{"href":"https:\/\/blogs.elcomercio.es\/reflexiones-de-belarmino\/wp-json\/wp\/v2\/types\/post"}],"author":[{"embeddable":true,"href":"https:\/\/blogs.elcomercio.es\/reflexiones-de-belarmino\/wp-json\/wp\/v2\/users\/16"}],"replies":[{"embeddable":true,"href":"https:\/\/blogs.elcomercio.es\/reflexiones-de-belarmino\/wp-json\/wp\/v2\/comments?post=39943"}],"version-history":[{"count":1,"href":"https:\/\/blogs.elcomercio.es\/reflexiones-de-belarmino\/wp-json\/wp\/v2\/posts\/39943\/revisions"}],"predecessor-version":[{"id":39944,"href":"https:\/\/blogs.elcomercio.es\/reflexiones-de-belarmino\/wp-json\/wp\/v2\/posts\/39943\/revisions\/39944"}],"wp:attachment":[{"href":"https:\/\/blogs.elcomercio.es\/reflexiones-de-belarmino\/wp-json\/wp\/v2\/media?parent=39943"}],"wp:term":[{"taxonomy":"category","embeddable":true,"href":"https:\/\/blogs.elcomercio.es\/reflexiones-de-belarmino\/wp-json\/wp\/v2\/categories?post=39943"},{"taxonomy":"post_tag","embeddable":true,"href":"https:\/\/blogs.elcomercio.es\/reflexiones-de-belarmino\/wp-json\/wp\/v2\/tags?post=39943"}],"curies":[{"name":"wp","href":"https:\/\/api.w.org\/{rel}","templated":true}]}}