{"id":40040,"date":"2024-11-16T19:26:30","date_gmt":"2024-11-16T18:26:30","guid":{"rendered":"https:\/\/blogs.elcomercio.es\/reflexiones-de-belarmino\/?p=40040"},"modified":"2024-11-16T19:26:30","modified_gmt":"2024-11-16T18:26:30","slug":"doble-golpe-al-narco-detienen-al-lider-de-los-chapitos-en-sinaloa-el-8-y-al-lider-en-queretaro-centro-de-inteligencia-ayudo-y-en-dos-semanas-los-capturaron","status":"publish","type":"post","link":"https:\/\/blogs.elcomercio.es\/reflexiones-de-belarmino\/2024\/11\/16\/doble-golpe-al-narco-detienen-al-lider-de-los-chapitos-en-sinaloa-el-8-y-al-lider-en-queretaro-centro-de-inteligencia-ayudo-y-en-dos-semanas-los-capturaron\/","title":{"rendered":"\u00a1\u00a1\u00a1\u00a1 DOBLE GOLPE AL NARCO. DETIENEN AL L\u00cdDER DE LOS &#8220;CHAPITOS&#8221; EN SINALOA , EL 8, Y AL L\u00cdDER EN QUERETARO. CENTRO DE INTELIGENCIA AYUD\u00d3 Y EN DOS SEMANAS LOS CAPTURARON !!!"},"content":{"rendered":"\n<p>En menos de un mes, el gabinete de Seguridad acaba de detener a dos importantes capos de la droga. En Sinaloa detuvieron al 8, el lider de los &#8220;Chapitos &#8220;en Sonora, que preparaba atentados con drones y en Quer\u00e9taro, en menos de 15 d\u00edas detuvieron al responsable del atentado de hace 10 d\u00edas.<\/p>\n\n\n\n<p>El Gabinete de Seguridad P\u00fablica, con el nuevo CENTRO NACIONAL DE INTELIGENCIA, est\u00e1 respondiendo con eficiencia.<\/p>\n\n\n\n<p>Ayer cuando la presidenta se disculp\u00f3 ante los periodistas por haber llegado tarde, era porque sabedora de esas dos detenciones y de que por su viaje al G20, estar\u00eda fuera, un d\u00eda, m\u00e1s la ida y regreso en vuelo comercial de M\u00e9xico- R\u00edo, con escala Panam\u00e1., y no se volver\u00eda a reunir hasta el mi\u00e9rcoles con el Gabinete de Seguridad, con el cual se reune todos los d\u00edas antes de La Ma\u00f1anera del Pueblo<\/p>\n\n\n\n<p>Su comitiva fue 6 personas , incluida ella.<\/p>\n\n\n\n<p>El 18 estar\u00e1 en las dos plenarias POBREZA Y GOBERNANZA y se reunir\u00e1 con los presidentes que lo hayan solicitado y donde coinciden sus agendas.<\/p>\n\n\n\n<p>El martes estar\u00e1 en M\u00e9xico, para el mi\u00e9rcoles presidir el aniversario de la Revoluci\u00f3n con un gran desfile militar<\/p>\n<!-- AddThis Advanced Settings generic via filter on the_content --><!-- AddThis Share Buttons generic via filter on the_content -->","protected":false},"excerpt":{"rendered":"<p>En menos de un mes, el gabinete de Seguridad acaba de detener a dos importantes capos de la droga. En Sinaloa detuvieron al 8, el lider de los &#8220;Chapitos &#8220;en Sonora, que preparaba atentados con drones y en Quer\u00e9taro, en menos de 15 d\u00edas detuvieron al responsable del atentado de hace 10 d\u00edas. El Gabinete [&hellip;]<!-- AddThis Advanced Settings generic via filter on get_the_excerpt --><!-- AddThis Share Buttons generic via filter on get_the_excerpt --><\/p>\n","protected":false},"author":16,"featured_media":0,"comment_status":"open","ping_status":"closed","sticky":false,"template":"","format":"standard","meta":[],"categories":[1],"tags":[],"_links":{"self":[{"href":"https:\/\/blogs.elcomercio.es\/reflexiones-de-belarmino\/wp-json\/wp\/v2\/posts\/40040"}],"collection":[{"href":"https:\/\/blogs.elcomercio.es\/reflexiones-de-belarmino\/wp-json\/wp\/v2\/posts"}],"about":[{"href":"https:\/\/blogs.elcomercio.es\/reflexiones-de-belarmino\/wp-json\/wp\/v2\/types\/post"}],"author":[{"embeddable":true,"href":"https:\/\/blogs.elcomercio.es\/reflexiones-de-belarmino\/wp-json\/wp\/v2\/users\/16"}],"replies":[{"embeddable":true,"href":"https:\/\/blogs.elcomercio.es\/reflexiones-de-belarmino\/wp-json\/wp\/v2\/comments?post=40040"}],"version-history":[{"count":1,"href":"https:\/\/blogs.elcomercio.es\/reflexiones-de-belarmino\/wp-json\/wp\/v2\/posts\/40040\/revisions"}],"predecessor-version":[{"id":40041,"href":"https:\/\/blogs.elcomercio.es\/reflexiones-de-belarmino\/wp-json\/wp\/v2\/posts\/40040\/revisions\/40041"}],"wp:attachment":[{"href":"https:\/\/blogs.elcomercio.es\/reflexiones-de-belarmino\/wp-json\/wp\/v2\/media?parent=40040"}],"wp:term":[{"taxonomy":"category","embeddable":true,"href":"https:\/\/blogs.elcomercio.es\/reflexiones-de-belarmino\/wp-json\/wp\/v2\/categories?post=40040"},{"taxonomy":"post_tag","embeddable":true,"href":"https:\/\/blogs.elcomercio.es\/reflexiones-de-belarmino\/wp-json\/wp\/v2\/tags?post=40040"}],"curies":[{"name":"wp","href":"https:\/\/api.w.org\/{rel}","templated":true}]}}