{"id":40062,"date":"2024-11-17T18:00:11","date_gmt":"2024-11-17T17:00:11","guid":{"rendered":"https:\/\/blogs.elcomercio.es\/reflexiones-de-belarmino\/?p=40062"},"modified":"2024-11-17T18:00:12","modified_gmt":"2024-11-17T17:00:12","slug":"2378-inscritos-abogados-con-maestria-doctorado-calificaciones-de-9-y-10-de-fuera-del-poder-judicial-aparecen-en-el-horizonte-de-la-justicia-en-mexico","status":"publish","type":"post","link":"https:\/\/blogs.elcomercio.es\/reflexiones-de-belarmino\/2024\/11\/17\/2378-inscritos-abogados-con-maestria-doctorado-calificaciones-de-9-y-10-de-fuera-del-poder-judicial-aparecen-en-el-horizonte-de-la-justicia-en-mexico\/","title":{"rendered":"\u00a1\u00a1\u00a1\u00a12,378 INSCRITOS, ABOGADOS CON MAESTRIA, DOCTORADO, CALIFICACIONES DE 9 Y 10, DE FUERA DEL PODER JUDICIAL, APARECEN EN EL HORIZONTE DE LA JUSTICIA EN MEXICO !!!"},"content":{"rendered":"\n<p><strong>EL PA\u00cdS SE OXIGENA. <\/strong>. Con base en la democracia, principal herramienta del cambio, tras la Reforma Judicial para que los jueces, magistrados y ministros del pais, sean elegidos por el pueblo el 1 de junio del 2025, a pesar de la oposici\u00f3n de &#8220;aquella casta&#8221;, mayoritariamente corrupta, aliada a la oligarqu\u00eda y a las transnacionales, que  les permitieron entrar a cambio de jugosas &#8220;d\u00e1divas&#8221;, no s\u00f3lo ya est\u00e1 en la Constituci\u00f3n.<\/p>\n\n\n\n<p>Prueba de ello es que en 10 d\u00edas se han inscrito licenciados en derecho, con maestr\u00edas y doctorados y calificaciones de 9 y 10, algunos con 60, 65 o 70 a\u00f1os de todo el pa\u00eds 2,378 personas, hombres y mujeres sab\u00edas desaprovechadas por no &#8220;tener enchufes&#8221; con el presidente o gobernadores en turno, ahora est\u00e1n siendo analizados sus expedientes. 39 ya han sido aprobados. Tienen hasta el 24 de noviembre en la noche para inscribirse.<\/p>\n\n\n\n<p>En el 2025  EL PUEBLO VA A ELEGIR  a 9 MINISTROS, 386 JUECES Y 497 MAGISTRADOS.<\/p>\n\n\n\n<p>El \u00e9xito de la Cuarta Transformaci\u00f3n, abierta por Andr\u00e9s Manuel L\u00f3pez Obrador y ahora continuando con el Segundo Piso por la presidenta Claudia Sheinbaum , ha llevado al frente a la DEMOCRACIA, LA CONSTITUCI\u00d3N, LA NO CORRUPCI\u00d3N Y EL RESPETO A LAS LIBERTADES DE TODOS.<\/p>\n\n\n\n<p>Por ello la presidenta, en el G20 tras las dos plenarias s\u00f3lo se va entrevistar con tres presidentes: LULA,TRUDEAU Y MACRON, por que le da mayor al proyecto interno que a la diplomacia.<\/p>\n\n\n\n<p><\/p>\n<!-- AddThis Advanced Settings generic via filter on the_content --><!-- AddThis Share Buttons generic via filter on the_content -->","protected":false},"excerpt":{"rendered":"<p>EL PA\u00cdS SE OXIGENA. . Con base en la democracia, principal herramienta del cambio, tras la Reforma Judicial para que los jueces, magistrados y ministros del pais, sean elegidos por el pueblo el 1 de junio del 2025, a pesar de la oposici\u00f3n de &#8220;aquella casta&#8221;, mayoritariamente corrupta, aliada a la oligarqu\u00eda y a las [&hellip;]<!-- AddThis Advanced Settings generic via filter on get_the_excerpt --><!-- AddThis Share Buttons generic via filter on get_the_excerpt --><\/p>\n","protected":false},"author":16,"featured_media":0,"comment_status":"open","ping_status":"closed","sticky":false,"template":"","format":"standard","meta":[],"categories":[1],"tags":[],"_links":{"self":[{"href":"https:\/\/blogs.elcomercio.es\/reflexiones-de-belarmino\/wp-json\/wp\/v2\/posts\/40062"}],"collection":[{"href":"https:\/\/blogs.elcomercio.es\/reflexiones-de-belarmino\/wp-json\/wp\/v2\/posts"}],"about":[{"href":"https:\/\/blogs.elcomercio.es\/reflexiones-de-belarmino\/wp-json\/wp\/v2\/types\/post"}],"author":[{"embeddable":true,"href":"https:\/\/blogs.elcomercio.es\/reflexiones-de-belarmino\/wp-json\/wp\/v2\/users\/16"}],"replies":[{"embeddable":true,"href":"https:\/\/blogs.elcomercio.es\/reflexiones-de-belarmino\/wp-json\/wp\/v2\/comments?post=40062"}],"version-history":[{"count":1,"href":"https:\/\/blogs.elcomercio.es\/reflexiones-de-belarmino\/wp-json\/wp\/v2\/posts\/40062\/revisions"}],"predecessor-version":[{"id":40063,"href":"https:\/\/blogs.elcomercio.es\/reflexiones-de-belarmino\/wp-json\/wp\/v2\/posts\/40062\/revisions\/40063"}],"wp:attachment":[{"href":"https:\/\/blogs.elcomercio.es\/reflexiones-de-belarmino\/wp-json\/wp\/v2\/media?parent=40062"}],"wp:term":[{"taxonomy":"category","embeddable":true,"href":"https:\/\/blogs.elcomercio.es\/reflexiones-de-belarmino\/wp-json\/wp\/v2\/categories?post=40062"},{"taxonomy":"post_tag","embeddable":true,"href":"https:\/\/blogs.elcomercio.es\/reflexiones-de-belarmino\/wp-json\/wp\/v2\/tags?post=40062"}],"curies":[{"name":"wp","href":"https:\/\/api.w.org\/{rel}","templated":true}]}}