{"id":40124,"date":"2024-11-20T12:51:23","date_gmt":"2024-11-20T11:51:23","guid":{"rendered":"https:\/\/blogs.elcomercio.es\/reflexiones-de-belarmino\/?p=40124"},"modified":"2024-11-20T12:51:24","modified_gmt":"2024-11-20T11:51:24","slug":"hasta-aqui-llego-el-cacique-pedro-rocha-no-podra-participar-en-elecciones-de-la-rfef-un-juez-desestima-la-cautelar","status":"publish","type":"post","link":"https:\/\/blogs.elcomercio.es\/reflexiones-de-belarmino\/2024\/11\/20\/hasta-aqui-llego-el-cacique-pedro-rocha-no-podra-participar-en-elecciones-de-la-rfef-un-juez-desestima-la-cautelar\/","title":{"rendered":"\u00a1\u00a1\u00a1\u00a1 HASTA AQU\u00cd LLEG\u00d3 EL CACIQUE. PEDRO ROCHA, NO PODR\u00c1 PARTICIPAR EN ELECCIONES DE LA RFEF. UN JUEZ DESESTIMA LA CAUTELAR !!!"},"content":{"rendered":"\n<p>Pedro Rocha, como antes Villar Mir, eran la cabeza de unos cientos de par\u00e1sitos, que a cambio del puesto, cambiaban resultados, ama\u00f1aron partidos. Era el tejido de la llamada REAL FEDERACI\u00d3N ESPA\u00d1OLA DE F\u00daTBOL,  lo largo de toda Espa\u00f1a.<\/p>\n\n\n\n<p>Recuerdo a conocidos asturianos, haberme dicho:&#8221; el SPORTING NO BAJA POR QUE TIENE HERMANDAD CON X(EL EQUIPO RIVAL). y NO BAJARON. Conozco a una \u00e1rbitro de medio pel\u00f3, a quien le sorprendi\u00f3 una llamada de su jefe el presidente de la Liga donde es supervisor del arbitraje: &#8220;Que no fue fue fuera de juego y por eso lo habilite en el acto&#8221;&#8230;.rrrrr. &#8221; Est\u00e1 bien, ahora la cambio&#8221;, mientras yo ve\u00eda con envidia el jugoso equipo electr\u00f3nico( que no he tenido en 17 a\u00f1os) y las tarjetas VIP, por tan &#8221; alto cargo&#8221;, creo que era la cuarta divisi\u00f3n &#8220;.<\/p>\n\n\n\n<p>Juraba y perjuraba que Pedro Rocha llegar\u00eda por que ten\u00eda a miles de tras de \u00e9l (m\u00e1s del chollo del que viv\u00edan). Le dec\u00eda de los de que rabiaba contra Jennifer(el socialista la odiaba por ser mujer).<\/p>\n\n\n\n<p>Finalmente Pedro Rocha, con el NO; NO; NO, como le pas\u00f3 a Rubiales, al ser inhabilitado, acudi\u00f3 ante un juez, que acaba de negarle la apelaci\u00f3n-<\/p>\n\n\n\n<p>ADI\u00d3S, DON PEDRO&#8230;.<\/p>\n\n\n\n<p>Los aficionados espa\u00f1oles, leales, no merecen toda la podredumbre que impera desde \u00e9poca de Franco, hasta hoy en el f\u00fatbol espa\u00f1ol.<\/p>\n\n\n\n<p><\/p>\n<!-- AddThis Advanced Settings generic via filter on the_content --><!-- AddThis Share Buttons generic via filter on the_content -->","protected":false},"excerpt":{"rendered":"<p>Pedro Rocha, como antes Villar Mir, eran la cabeza de unos cientos de par\u00e1sitos, que a cambio del puesto, cambiaban resultados, ama\u00f1aron partidos. Era el tejido de la llamada REAL FEDERACI\u00d3N ESPA\u00d1OLA DE F\u00daTBOL, lo largo de toda Espa\u00f1a. Recuerdo a conocidos asturianos, haberme dicho:&#8221; el SPORTING NO BAJA POR QUE TIENE HERMANDAD CON X(EL [&hellip;]<!-- AddThis Advanced Settings generic via filter on get_the_excerpt --><!-- AddThis Share Buttons generic via filter on get_the_excerpt --><\/p>\n","protected":false},"author":16,"featured_media":0,"comment_status":"open","ping_status":"closed","sticky":false,"template":"","format":"standard","meta":[],"categories":[1],"tags":[],"_links":{"self":[{"href":"https:\/\/blogs.elcomercio.es\/reflexiones-de-belarmino\/wp-json\/wp\/v2\/posts\/40124"}],"collection":[{"href":"https:\/\/blogs.elcomercio.es\/reflexiones-de-belarmino\/wp-json\/wp\/v2\/posts"}],"about":[{"href":"https:\/\/blogs.elcomercio.es\/reflexiones-de-belarmino\/wp-json\/wp\/v2\/types\/post"}],"author":[{"embeddable":true,"href":"https:\/\/blogs.elcomercio.es\/reflexiones-de-belarmino\/wp-json\/wp\/v2\/users\/16"}],"replies":[{"embeddable":true,"href":"https:\/\/blogs.elcomercio.es\/reflexiones-de-belarmino\/wp-json\/wp\/v2\/comments?post=40124"}],"version-history":[{"count":1,"href":"https:\/\/blogs.elcomercio.es\/reflexiones-de-belarmino\/wp-json\/wp\/v2\/posts\/40124\/revisions"}],"predecessor-version":[{"id":40125,"href":"https:\/\/blogs.elcomercio.es\/reflexiones-de-belarmino\/wp-json\/wp\/v2\/posts\/40124\/revisions\/40125"}],"wp:attachment":[{"href":"https:\/\/blogs.elcomercio.es\/reflexiones-de-belarmino\/wp-json\/wp\/v2\/media?parent=40124"}],"wp:term":[{"taxonomy":"category","embeddable":true,"href":"https:\/\/blogs.elcomercio.es\/reflexiones-de-belarmino\/wp-json\/wp\/v2\/categories?post=40124"},{"taxonomy":"post_tag","embeddable":true,"href":"https:\/\/blogs.elcomercio.es\/reflexiones-de-belarmino\/wp-json\/wp\/v2\/tags?post=40124"}],"curies":[{"name":"wp","href":"https:\/\/api.w.org\/{rel}","templated":true}]}}