{"id":40140,"date":"2024-11-21T09:49:08","date_gmt":"2024-11-21T08:49:08","guid":{"rendered":"https:\/\/blogs.elcomercio.es\/reflexiones-de-belarmino\/?p=40140"},"modified":"2024-11-21T09:49:08","modified_gmt":"2024-11-21T08:49:08","slug":"hoy-comparece-aldama-y-en-el-congreso-se-aprueban-o-no-las-reformas-fiscales-camino-a-los-presupuestos-podemos-en-contra","status":"publish","type":"post","link":"https:\/\/blogs.elcomercio.es\/reflexiones-de-belarmino\/2024\/11\/21\/hoy-comparece-aldama-y-en-el-congreso-se-aprueban-o-no-las-reformas-fiscales-camino-a-los-presupuestos-podemos-en-contra\/","title":{"rendered":"\u00a1\u00a1\u00a1\u00a1HOY COMPARECE ALDAMA Y , EN EL CONGRESO, SE APRUEBAN O NO, LAS REFORMAS FISCALES CAMINO A LOS PRESUPUESTOS PODEMOS EN CONTRA !!!"},"content":{"rendered":"\n<p>Jueves importante. En el Congreso, a las cuatro de la tarde se discutir\u00e1n las reformas fiscales, claves para tener presupuestos, ahora, por supuesto, es PODEMOS la que tiene la \u00faltima palabra.<\/p>\n\n\n\n<p>As\u00ed mismo hay que estar atentos a la comparecencia ante el juez del V\u00edctor de Aldama, el que sabe todo de todo.<\/p>\n<!-- AddThis Advanced Settings generic via filter on the_content --><!-- AddThis Share Buttons generic via filter on the_content -->","protected":false},"excerpt":{"rendered":"<p>Jueves importante. En el Congreso, a las cuatro de la tarde se discutir\u00e1n las reformas fiscales, claves para tener presupuestos, ahora, por supuesto, es PODEMOS la que tiene la \u00faltima palabra. As\u00ed mismo hay que estar atentos a la comparecencia ante el juez del V\u00edctor de Aldama, el que sabe todo de todo.<!-- AddThis Advanced Settings generic via filter on get_the_excerpt --><!-- AddThis Share Buttons generic via filter on get_the_excerpt --><\/p>\n","protected":false},"author":16,"featured_media":0,"comment_status":"open","ping_status":"closed","sticky":false,"template":"","format":"standard","meta":[],"categories":[1],"tags":[],"_links":{"self":[{"href":"https:\/\/blogs.elcomercio.es\/reflexiones-de-belarmino\/wp-json\/wp\/v2\/posts\/40140"}],"collection":[{"href":"https:\/\/blogs.elcomercio.es\/reflexiones-de-belarmino\/wp-json\/wp\/v2\/posts"}],"about":[{"href":"https:\/\/blogs.elcomercio.es\/reflexiones-de-belarmino\/wp-json\/wp\/v2\/types\/post"}],"author":[{"embeddable":true,"href":"https:\/\/blogs.elcomercio.es\/reflexiones-de-belarmino\/wp-json\/wp\/v2\/users\/16"}],"replies":[{"embeddable":true,"href":"https:\/\/blogs.elcomercio.es\/reflexiones-de-belarmino\/wp-json\/wp\/v2\/comments?post=40140"}],"version-history":[{"count":1,"href":"https:\/\/blogs.elcomercio.es\/reflexiones-de-belarmino\/wp-json\/wp\/v2\/posts\/40140\/revisions"}],"predecessor-version":[{"id":40141,"href":"https:\/\/blogs.elcomercio.es\/reflexiones-de-belarmino\/wp-json\/wp\/v2\/posts\/40140\/revisions\/40141"}],"wp:attachment":[{"href":"https:\/\/blogs.elcomercio.es\/reflexiones-de-belarmino\/wp-json\/wp\/v2\/media?parent=40140"}],"wp:term":[{"taxonomy":"category","embeddable":true,"href":"https:\/\/blogs.elcomercio.es\/reflexiones-de-belarmino\/wp-json\/wp\/v2\/categories?post=40140"},{"taxonomy":"post_tag","embeddable":true,"href":"https:\/\/blogs.elcomercio.es\/reflexiones-de-belarmino\/wp-json\/wp\/v2\/tags?post=40140"}],"curies":[{"name":"wp","href":"https:\/\/api.w.org\/{rel}","templated":true}]}}