{"id":40182,"date":"2024-11-24T18:18:40","date_gmt":"2024-11-24T17:18:40","guid":{"rendered":"https:\/\/blogs.elcomercio.es\/reflexiones-de-belarmino\/?p=40182"},"modified":"2024-11-24T18:18:40","modified_gmt":"2024-11-24T17:18:40","slug":"financial-times-el-largo-almuerzo-de-mazon-el-responsable-la-lucha-contra-el-lodo-salta-a-los-alcantarillados-un-fallecido-hoy-arreglando-una-escuela","status":"publish","type":"post","link":"https:\/\/blogs.elcomercio.es\/reflexiones-de-belarmino\/2024\/11\/24\/financial-times-el-largo-almuerzo-de-mazon-el-responsable-la-lucha-contra-el-lodo-salta-a-los-alcantarillados-un-fallecido-hoy-arreglando-una-escuela\/","title":{"rendered":"\u00a1\u00a1\u00a1FINANCIAL TIMES: &#8221; EL LARGO ALMUERZO DE MAZON, EL RESPONSABLE &#8220;.LA LUCHA CONTRA EL LODO SALTA A LOS ALCANTARILLADOS. UN FALLECIDO HOY, ARREGLANDO UNA ESCUELA !!!"},"content":{"rendered":"\n<p>Ayer The Financial Times, el principalmente brit\u00e1nico de econom\u00eda, sintetiz\u00f3, lo que todos pensamos, o casi todos: EL LARGO ALMUERZO DE MAZON, EL RESPONSABLE &#8220;.<\/p>\n\n\n\n<p>Y en Valencia, podemos sintetizar: &#8221; LA LUCHA CONTRA EL LODO SALTA A LOS 800 KMS. DE ALCANTARILLADO ATASCADOS.<\/p>\n\n\n\n<p>Ayer en una manifestaci\u00f3n en Valencia de 5,000 padres e hijos, pidiendo la renuncia de Maz\u00f3n y del Conseller de Educaci\u00f3n, Mazon no se imaginaba que, hoy a las 14 hs. iba a reunir de emergencia al gobierno para analizar el sentimiento de los valencianos por el fallecimiento hoy de un trabajador tratando de arreglar una escuela.<\/p>\n\n\n\n<p>El problema de Maz\u00f3n y sus dos Conselleras  despedidas hoy, no va a ser lo que va a decir a sus hijos y nietos la historia, SINO LAS RESPONSABILIDADES PENALES que por docenas  tienen por delante..<\/p>\n\n\n\n<p><\/p>\n\n\n\n<p><\/p>\n<!-- AddThis Advanced Settings generic via filter on the_content --><!-- AddThis Share Buttons generic via filter on the_content -->","protected":false},"excerpt":{"rendered":"<p>Ayer The Financial Times, el principalmente brit\u00e1nico de econom\u00eda, sintetiz\u00f3, lo que todos pensamos, o casi todos: EL LARGO ALMUERZO DE MAZON, EL RESPONSABLE &#8220;. Y en Valencia, podemos sintetizar: &#8221; LA LUCHA CONTRA EL LODO SALTA A LOS 800 KMS. DE ALCANTARILLADO ATASCADOS. Ayer en una manifestaci\u00f3n en Valencia de 5,000 padres e hijos, [&hellip;]<!-- AddThis Advanced Settings generic via filter on get_the_excerpt --><!-- AddThis Share Buttons generic via filter on get_the_excerpt --><\/p>\n","protected":false},"author":16,"featured_media":0,"comment_status":"open","ping_status":"closed","sticky":false,"template":"","format":"standard","meta":[],"categories":[1],"tags":[],"_links":{"self":[{"href":"https:\/\/blogs.elcomercio.es\/reflexiones-de-belarmino\/wp-json\/wp\/v2\/posts\/40182"}],"collection":[{"href":"https:\/\/blogs.elcomercio.es\/reflexiones-de-belarmino\/wp-json\/wp\/v2\/posts"}],"about":[{"href":"https:\/\/blogs.elcomercio.es\/reflexiones-de-belarmino\/wp-json\/wp\/v2\/types\/post"}],"author":[{"embeddable":true,"href":"https:\/\/blogs.elcomercio.es\/reflexiones-de-belarmino\/wp-json\/wp\/v2\/users\/16"}],"replies":[{"embeddable":true,"href":"https:\/\/blogs.elcomercio.es\/reflexiones-de-belarmino\/wp-json\/wp\/v2\/comments?post=40182"}],"version-history":[{"count":1,"href":"https:\/\/blogs.elcomercio.es\/reflexiones-de-belarmino\/wp-json\/wp\/v2\/posts\/40182\/revisions"}],"predecessor-version":[{"id":40183,"href":"https:\/\/blogs.elcomercio.es\/reflexiones-de-belarmino\/wp-json\/wp\/v2\/posts\/40182\/revisions\/40183"}],"wp:attachment":[{"href":"https:\/\/blogs.elcomercio.es\/reflexiones-de-belarmino\/wp-json\/wp\/v2\/media?parent=40182"}],"wp:term":[{"taxonomy":"category","embeddable":true,"href":"https:\/\/blogs.elcomercio.es\/reflexiones-de-belarmino\/wp-json\/wp\/v2\/categories?post=40182"},{"taxonomy":"post_tag","embeddable":true,"href":"https:\/\/blogs.elcomercio.es\/reflexiones-de-belarmino\/wp-json\/wp\/v2\/tags?post=40182"}],"curies":[{"name":"wp","href":"https:\/\/api.w.org\/{rel}","templated":true}]}}